{"id":6931,"date":"2004-11-14T14:58:35","date_gmt":"2004-11-14T14:58:35","guid":{"rendered":"https:\/\/web32941.greatnet-hosting.de\/?p=6931"},"modified":"2026-03-25T06:27:54","modified_gmt":"2026-03-25T05:27:54","slug":"volkstrauertag-2004","status":"publish","type":"post","link":"https:\/\/mv-malschenberg.de\/index.php\/2004\/11\/14\/volkstrauertag-2004\/","title":{"rendered":"Volkstrauertag 2004"},"content":{"rendered":"\n<div class=\"et_pb_section_0 et_pb_section et_section_regular et_block_section\"><div class=\"et_pb_row_0 et_pb_row et_block_row\"><div class=\"et_pb_column_0 et_pb_column et_pb_column_4_4 et-last-child et_block_column et_pb_css_mix_blend_mode_passthrough\"><div class=\"et_pb_text_0 et_pb_text et_pb_bg_layout_light et_pb_module et_block_module\"><div class=\"et_pb_text_inner\"><p>Am Sonntag, dem 14. November 2004 umrahmten die aktiven Musiker zusammen mit den ortsans\u00e4ssigen Vereinen die Feierstunde anl\u00e4sslich des Volkstrauertages am Kriegerdenkmal beim Friedhof. Mit den Musikst\u00fccken \u201e\u00dcber den Sternen\u201c und \u201eIch\u00a0<span>hatt<\/span>\u00a0einen Kameraden\u201c gedachte man den Opfern, den Gefallenen und vermissten Soldaten der letzten beiden Weltkriege.<\/p>\n<\/div><\/div><\/div><\/div><\/div>\n","protected":false},"excerpt":{"rendered":"","protected":false},"author":1,"featured_media":0,"comment_status":"closed","ping_status":"closed","sticky":false,"template":"","format":"standard","meta":{"footnotes":""},"categories":[56],"tags":[],"class_list":["post-6931","post","type-post","status-publish","format-standard","hentry","category-vereinsnachrichten-2004"],"_links":{"self":[{"href":"https:\/\/mv-malschenberg.de\/index.php\/wp-json\/wp\/v2\/posts\/6931","targetHints":{"allow":["GET"]}}],"collection":[{"href":"https:\/\/mv-malschenberg.de\/index.php\/wp-json\/wp\/v2\/posts"}],"about":[{"href":"https:\/\/mv-malschenberg.de\/index.php\/wp-json\/wp\/v2\/types\/post"}],"author":[{"embeddable":true,"href":"https:\/\/mv-malschenberg.de\/index.php\/wp-json\/wp\/v2\/users\/1"}],"replies":[{"embeddable":true,"href":"https:\/\/mv-malschenberg.de\/index.php\/wp-json\/wp\/v2\/comments?post=6931"}],"version-history":[{"count":12,"href":"https:\/\/mv-malschenberg.de\/index.php\/wp-json\/wp\/v2\/posts\/6931\/revisions"}],"predecessor-version":[{"id":26277,"href":"https:\/\/mv-malschenberg.de\/index.php\/wp-json\/wp\/v2\/posts\/6931\/revisions\/26277"}],"wp:attachment":[{"href":"https:\/\/mv-malschenberg.de\/index.php\/wp-json\/wp\/v2\/media?parent=6931"}],"wp:term":[{"taxonomy":"category","embeddable":true,"href":"https:\/\/mv-malschenberg.de\/index.php\/wp-json\/wp\/v2\/categories?post=6931"},{"taxonomy":"post_tag","embeddable":true,"href":"https:\/\/mv-malschenberg.de\/index.php\/wp-json\/wp\/v2\/tags?post=6931"}],"curies":[{"name":"wp","href":"https:\/\/api.w.org\/{rel}","templated":true}]}}