{"id":6792,"date":"2006-03-19T12:21:53","date_gmt":"2006-03-19T12:21:53","guid":{"rendered":"https:\/\/web32941.greatnet-hosting.de\/?p=6792"},"modified":"2026-03-25T06:28:48","modified_gmt":"2026-03-25T05:28:48","slug":"mitgliederversammlung-mit-neuwahlen-2006","status":"publish","type":"post","link":"https:\/\/mv-malschenberg.de\/index.php\/2006\/03\/19\/mitgliederversammlung-mit-neuwahlen-2006\/","title":{"rendered":"Mitgliederversammlung mit Neuwahlen 2006"},"content":{"rendered":"\n<div class=\"et_pb_section_0 et_pb_section et_section_regular et_block_section\"><div class=\"et_pb_row_0 et_pb_row et_block_row\"><div class=\"et_pb_column_0 et_pb_column et_pb_column_4_4 et-last-child et_block_column et_pb_css_mix_blend_mode_passthrough\"><div class=\"et_pb_text_0 et_pb_text et_pb_bg_layout_light et_pb_module et_block_module\"><div class=\"et_pb_text_inner\"><p style=\"color: #555555; font-family: Verdana, Helvetica, sans-serif; font-size: 13px; font-style: normal; font-variant-ligatures: normal; font-variant-caps: normal; font-weight: 400; letter-spacing: normal; orphans: 2; text-align: left; text-indent: 0px; text-transform: none; widows: 2; word-spacing: 0px; -webkit-text-stroke-width: 0px; white-space: normal; background-color: #ffffff; text-decoration-thickness: initial; text-decoration-style: initial; text-decoration-color: initial; margin-top: 0cm; margin-right: 0cm; margin-bottom: 0pt;\"><span style=\"font-family: Verdana;\"><span style=\"font-size: x-small;\">Die Trachtenkapelle Malschenberg hatte am 19.3.2006 zu ihrer Jahreshauptversammlung mit Neuwahlen im Sch\u00fctzenhaus des SSV Malschenberg eingeladen. Wie es sich f\u00fcr einen Musikverein geh\u00f6rt, wurde die Jahreshauptversammlung mit einer herzhaften Polka, dem \u201eGru\u00df an B\u00f6hmen\u201c, er\u00f6ffnet.<\/span><\/span><\/p>\n<p style=\"color: #555555; font-family: Verdana, Helvetica, sans-serif; font-size: 13px; font-style: normal; font-variant-ligatures: normal; font-variant-caps: normal; font-weight: 400; letter-spacing: normal; orphans: 2; text-align: left; text-indent: 0px; text-transform: none; widows: 2; word-spacing: 0px; -webkit-text-stroke-width: 0px; white-space: normal; background-color: #ffffff; text-decoration-thickness: initial; text-decoration-style: initial; text-decoration-color: initial; margin-top: 0cm; margin-right: 0cm; margin-bottom: 0pt;\"><span style=\"font-family: Verdana;\"><span style=\"font-size: x-small;\">In seinem Rechenschaftsbericht kam der erste Vorsitzende Fred Kunzmann auch auf den Werdegang der Vereinsinternen Jugend zu sprechen, die bereits bei einigen Umz\u00fcgen mitspielt. Das steigere das Zusammengeh\u00f6rigkeitsgef\u00fchl und zeige, dass das eingebrachte Engagement schon gro\u00dfe Fr\u00fcchte tr\u00e4gt. Sorgen bereitet ihm allerdings die immer geringer werdende Anzahl an Helfern. Schriftf\u00fchrer Michael Rieger lies nochmals alle im Berichtsjahr stattgefundenen Aktivit\u00e4ten Revue passieren und Kassier Ludwig Sch\u00e4ffner konnte wieder ein Plus bei den Finanzen melden. Die Revisoren R\u00fcdiger R\u00f6ssler und Edgar Weidenheimer bescheinigten Ludwig Sch\u00e4ffner vorbildliche Kassengesch\u00e4fte. Dirigent Erich Merklinger lobte seine Musiker, die das ganze Jahr \u00fcber mit Begeisterung bei der Sache seien.<\/span><\/span><\/p>\n<p style=\"color: #555555; font-family: Verdana, Helvetica, sans-serif; font-size: 13px; font-style: normal; font-variant-ligatures: normal; font-variant-caps: normal; font-weight: 400; letter-spacing: normal; orphans: 2; text-align: left; text-indent: 0px; text-transform: none; widows: 2; word-spacing: 0px; -webkit-text-stroke-width: 0px; white-space: normal; background-color: #ffffff; text-decoration-thickness: initial; text-decoration-style: initial; text-decoration-color: initial; margin-top: 0cm; margin-right: 0cm; margin-bottom: 0pt;\"><span style=\"font-family: Verdana;\"><span style=\"font-size: x-small;\">Einen weiteren H\u00f6hepunkt der Jahreshauptversammlung bildeten die Ehrungen langj\u00e4hriger Mitglieder. Den Ehrungsreigen er\u00f6ffnete der 1. Vorsitzende Fred Kunzmann. F\u00fcr 20 Jahre f\u00f6rdernde Mitgliedschaft wurden Ralf Stang, Oskar Helker, Artur Maag, G\u00fcnter Tritschler, Robert F\u00f6rderer und Rudi Stein mit der silbernen Vereinsnadel ausgezeichnet. Anneliese Beigel, Josef Bachmann, Karl Koch und Rudi Herrmann halten der Trachtenkapelle schon 30 Jahre die Treue. Auf 40 Jahre und somit zum Ehrenmitglied brachten es Hermann Fuchs, Johann Lauchs, Marianne Gl\u00e4ser, Oskar Leyer, Oskar Roth, Robert L\u00f6ssl und Willi Zeeb. Ottilie Hafner und Willi Rieger, beide wegen ihrer Verdienste bereits seit einigen Jahren Ehrenmitglied, erhielten ebenfalls eine Urkunde f\u00fcr 40-j\u00e4hrige Vereinstreue. Der Kreisverbandsvorsitzende Georg Werkmann hatte das Vergn\u00fcgen Gerhard Engler f\u00fcr 30 und Erich Merklinger f\u00fcr stolze 50 aktive Jahre als Musiker zu Ehren.<\/span><\/span><\/p>\n<p style=\"color: #555555; font-family: Verdana, Helvetica, sans-serif; font-size: 13px; font-style: normal; font-variant-ligatures: normal; font-variant-caps: normal; font-weight: 400; letter-spacing: normal; orphans: 2; text-align: left; text-indent: 0px; text-transform: none; widows: 2; word-spacing: 0px; -webkit-text-stroke-width: 0px; white-space: normal; background-color: #ffffff; text-decoration-thickness: initial; text-decoration-style: initial; text-decoration-color: initial; margin-top: 0cm; margin-right: 0cm; margin-bottom: 0pt;\"><span style=\"font-family: Verdana;\"><span style=\"font-size: x-small;\">Ferner wurde der Antrag von Edgar Weidenheimer auf Entlastung der Vorstandschaft von der Versammlung einstimmig angenommen. Somit stand den Neuwahlen nichts mehr im Wege, die dann auch im Eiltempo abgewickelt wurden. Alter und neuer 1. Vorsitzender ist Fred Kunzmann, 2. Vorsitzender weiterhin R\u00fcdiger Knopf und der Schriftf\u00fchrer Michael Rieger wurde auch in seinem Amt best\u00e4tigt. Nun galt es Ersatz f\u00fcr den scheidenden Kassier Ludwig Sch\u00e4ffner zu finden, der sich nach langen Jahren im Vorstand jetzt mehr dem Musizieren und der Jugend widmen will. Das neue Kassierer-Team besteht aus dem 1. Kassier R\u00fcdiger R\u00f6ssler und dem 2. Kassier Rainer Knopf. Die Beir\u00e4te und Kassenpr\u00fcfer wurden ebenso schnell gefunden und die Wahlen konnten abgeschlossen werden.<\/span><\/span><\/p>\n<p style=\"color: #555555; font-family: Verdana, Helvetica, sans-serif; font-size: 13px; font-style: normal; font-variant-ligatures: normal; font-variant-caps: normal; font-weight: 400; letter-spacing: normal; orphans: 2; text-align: left; text-indent: 0px; text-transform: none; widows: 2; word-spacing: 0px; -webkit-text-stroke-width: 0px; white-space: normal; background-color: #ffffff; text-decoration-thickness: initial; text-decoration-style: initial; text-decoration-color: initial; margin-top: 0cm; margin-right: 0cm; margin-bottom: 0pt;\"><span style=\"font-family: Verdana;\"><span style=\"font-size: x-small;\">Nach dem offiziellen Teil lie\u00df man den Nachmittag bei \u201eHausmacherwurst\u201c und flotter Blasmusik gem\u00fctlich ausklingen. (MR)<\/span><\/span><\/p>\n<p style=\"color: #555555; font-family: Verdana, Helvetica, sans-serif; font-size: 13px; font-style: normal; font-variant-ligatures: normal; font-variant-caps: normal; font-weight: 400; letter-spacing: normal; orphans: 2; text-align: left; text-indent: 0px; text-transform: none; widows: 2; word-spacing: 0px; -webkit-text-stroke-width: 0px; white-space: normal; background-color: #ffffff; text-decoration-thickness: initial; text-decoration-style: initial; text-decoration-color: initial; margin-top: 0cm; margin-right: 0cm; margin-bottom: 0pt;\"><span style=\"font-family: Verdana; font-size: x-small;\"><a href=\"https:\/\/mv-malschenberg.de\/images\/2006\/RNZ_30032006.htm\" target=\"_blank\" style=\"outline: none; text-decoration: none; color: #333333;\" rel=\"noopener\">Hier finden Sie einen Bericht der Rhein-Neckar-Zeitung vom 30.03.2006<\/a><em><span>\u00a0<\/span><\/em>(1,4 MB)<\/span><\/p>\n<p style=\"color: #555555; font-family: Verdana, Helvetica, sans-serif; font-size: 13px; font-style: normal; font-variant-ligatures: normal; font-variant-caps: normal; font-weight: 400; letter-spacing: normal; orphans: 2; text-align: left; text-indent: 0px; text-transform: none; widows: 2; word-spacing: 0px; -webkit-text-stroke-width: 0px; white-space: normal; background-color: #ffffff; text-decoration-thickness: initial; text-decoration-style: initial; text-decoration-color: initial;\"><span style=\"font-family: Verdana; font-size: x-small;\">Der Musikverein Trachtenkapelle Harmonie e. V. Malschenberg f\u00fchrt am Sonntag, dem 19.03.2006, um 15.00 Uhr im Sch\u00fctzenhaus in Malschenberg seine Mitgliederversammlung mit Neuwahlen durch.<\/span><\/p>\n<p style=\"color: #555555; font-family: Verdana, Helvetica, sans-serif; font-size: 13px; font-style: normal; font-variant-ligatures: normal; font-variant-caps: normal; font-weight: 400; letter-spacing: normal; orphans: 2; text-align: left; text-indent: 0px; text-transform: none; widows: 2; word-spacing: 0px; -webkit-text-stroke-width: 0px; white-space: normal; background-color: #ffffff; text-decoration-thickness: initial; text-decoration-style: initial; text-decoration-color: initial;\"><span style=\"font-family: Verdana; font-size: x-small;\">Zu dieser Versammlung sind alle Mitglieder recht herzlich eingeladen.<\/span><\/p>\n<p style=\"color: #555555; font-family: Verdana, Helvetica, sans-serif; font-size: 13px; font-style: normal; font-variant-ligatures: normal; font-variant-caps: normal; font-weight: 400; letter-spacing: normal; orphans: 2; text-align: left; text-indent: 0px; text-transform: none; widows: 2; word-spacing: 0px; -webkit-text-stroke-width: 0px; white-space: normal; background-color: #ffffff; text-decoration-thickness: initial; text-decoration-style: initial; text-decoration-color: initial;\"><span style=\"font-family: Verdana; font-size: x-small;\">Der folgenden vorl\u00e4ufigen Tagesordnung kann der Ablauf der Sitzung entnommen werden:<\/span><\/p>\n<p style=\"color: #555555; font-family: Verdana, Helvetica, sans-serif; font-size: 13px; font-style: normal; font-variant-ligatures: normal; font-variant-caps: normal; font-weight: 400; letter-spacing: normal; orphans: 2; text-align: left; text-indent: 0px; text-transform: none; widows: 2; word-spacing: 0px; -webkit-text-stroke-width: 0px; white-space: normal; background-color: #ffffff; text-decoration-thickness: initial; text-decoration-style: initial; text-decoration-color: initial;\">\n<table border=\"1\" style=\"color: #555555; font-family: Verdana, Helvetica, sans-serif; font-size: 13px; font-style: normal; font-variant-ligatures: normal; font-variant-caps: normal; font-weight: 400; letter-spacing: normal; orphans: 2; text-align: left; text-transform: none; widows: 2; word-spacing: 0px; -webkit-text-stroke-width: 0px; white-space: normal; background-color: #ffffff; text-decoration-thickness: initial; text-decoration-style: initial; text-decoration-color: initial; border-width: 0px; width: 646.758px;\">\n<tbody>\n<tr>\n<td width=\"35\" style=\"font-size: 13px; border-style: none; border-width: medium;\"><span style=\"font-family: Verdana; font-size: x-small;\">1.<\/span><\/td>\n<td style=\"font-size: 13px; border-style: none; border-width: medium;\"><span style=\"font-family: Verdana; font-size: x-small;\">Begr\u00fc\u00dfung durch den 1. Vorsitzenden<\/span><\/td>\n<\/tr>\n<tr>\n<td width=\"35\" style=\"font-size: 13px; border-style: none; border-width: medium;\"><span style=\"font-family: Verdana; font-size: x-small;\">2.<\/span><\/td>\n<td style=\"font-size: 13px; border-style: none; border-width: medium;\"><span style=\"font-family: Verdana; font-size: x-small;\">Totenehrung<\/span><\/td>\n<\/tr>\n<tr>\n<td width=\"35\" style=\"font-size: 13px; border-style: none; border-width: medium;\"><span style=\"font-family: Verdana; font-size: x-small;\">3.<\/span><\/td>\n<td style=\"font-size: 13px; border-style: none; border-width: medium;\"><span style=\"font-family: Verdana; font-size: x-small;\">Bericht des 1. Vorsitzenden<\/span><\/td>\n<\/tr>\n<tr>\n<td width=\"35\" style=\"font-size: 13px; border-style: none; border-width: medium;\"><span style=\"font-family: Verdana; font-size: x-small;\">4.<\/span><\/td>\n<td style=\"font-size: 13px; border-style: none; border-width: medium;\"><span style=\"font-family: Verdana; font-size: x-small;\">Protokoll des Schriftf\u00fchrers<\/span><\/td>\n<\/tr>\n<tr>\n<td width=\"35\" style=\"font-size: 13px; border-style: none; border-width: medium;\"><span style=\"font-family: Verdana; font-size: x-small;\">5.<\/span><\/td>\n<td style=\"font-size: 13px; border-style: none; border-width: medium;\"><span style=\"font-family: Verdana; font-size: x-small;\">Bericht des Kassiers<\/span><\/td>\n<\/tr>\n<tr>\n<td width=\"35\" style=\"font-size: 13px; border-style: none; border-width: medium;\"><span style=\"font-family: Verdana; font-size: x-small;\">6.<\/span><\/td>\n<td style=\"font-size: 13px; border-style: none; border-width: medium;\"><span style=\"font-family: Verdana; font-size: x-small;\">Bericht der Kassenpr\u00fcfer<\/span><\/td>\n<\/tr>\n<tr>\n<td width=\"35\" style=\"font-size: 13px; border-style: none; border-width: medium;\"><span style=\"font-family: Verdana; font-size: x-small;\">7.<\/span><\/td>\n<td style=\"font-size: 13px; border-style: none; border-width: medium;\"><span style=\"font-family: Verdana; font-size: x-small;\">Bericht des Dirigenten<\/span><\/td>\n<\/tr>\n<tr>\n<td width=\"35\" style=\"font-size: 13px; border-style: none; border-width: medium;\"><span style=\"font-family: Verdana; font-size: x-small;\">8.<\/span><\/td>\n<td style=\"font-size: 13px; border-style: none; border-width: medium;\"><span style=\"font-family: Verdana; font-size: x-small;\">Aussprache zu den Berichten<\/span><\/td>\n<\/tr>\n<tr>\n<td width=\"35\" style=\"font-size: 13px; border-style: none; border-width: medium;\"><span style=\"font-family: Verdana; font-size: x-small;\">9.<\/span><\/td>\n<td style=\"font-size: 13px; border-style: none; border-width: medium;\"><span style=\"font-family: Verdana; font-size: x-small;\">Ehrungen<\/span><\/td>\n<\/tr>\n<tr>\n<td width=\"35\" style=\"font-size: 13px; border-style: none; border-width: medium;\"><span style=\"font-family: Verdana; font-size: x-small;\">10.<\/span><\/td>\n<td style=\"font-size: 13px; border-style: none; border-width: medium;\"><span style=\"font-family: Verdana; font-size: x-small;\">Entlastung der Vorstandschaft<\/span><\/td>\n<\/tr>\n<tr>\n<td width=\"35\" style=\"font-size: 13px; border-style: none; border-width: medium;\"><span style=\"font-family: Verdana; font-size: x-small;\">11.<\/span><\/td>\n<td style=\"font-size: 13px; border-style: none; border-width: medium;\"><span style=\"font-family: Verdana; font-size: x-small;\">Bildung eines Wahlausschusses<\/span><\/td>\n<\/tr>\n<tr>\n<td width=\"35\" style=\"font-size: 13px; border-style: none; border-width: medium;\"><span style=\"font-family: Verdana; font-size: x-small;\">12.<\/span><\/td>\n<td style=\"font-size: 13px; border-style: none; border-width: medium;\"><span style=\"font-family: Verdana; font-size: x-small;\">Neuwahlen<\/span><\/td>\n<\/tr>\n<tr>\n<td width=\"35\" style=\"font-size: 13px; border-style: none; border-width: medium;\"><span style=\"font-family: Verdana; font-size: x-small;\">13.<\/span><\/td>\n<td style=\"font-size: 13px; border-style: none; border-width: medium;\"><span style=\"font-family: Verdana; font-size: x-small;\">Verschiedenes, W\u00fcnsche, Antr\u00e4ge<\/span><\/td>\n<\/tr>\n<\/tbody>\n<\/table>\n<p style=\"color: #555555; font-family: Verdana, Helvetica, sans-serif; font-size: 13px; font-style: normal; font-variant-ligatures: normal; font-variant-caps: normal; font-weight: 400; letter-spacing: normal; orphans: 2; text-align: left; text-indent: 0px; text-transform: none; widows: 2; word-spacing: 0px; -webkit-text-stroke-width: 0px; white-space: normal; background-color: #ffffff; text-decoration-thickness: initial; text-decoration-style: initial; text-decoration-color: initial;\"><span style=\"font-family: Verdana; font-size: x-small;\">\u00c4nderungen k\u00f6nnen sich im Ablauf der Tagesordnung ergeben. Antr\u00e4ge, die w\u00e4hrend der Versammlung behandelt werden sollen, m\u00fcssen 8 Tage vorher beim 1. Vorsitzenden schriftlich eingereicht werden.<\/span><\/p>\n<p style=\"color: #555555; font-family: Verdana, Helvetica, sans-serif; font-size: 13px; font-style: normal; font-variant-ligatures: normal; font-variant-caps: normal; font-weight: 400; letter-spacing: normal; orphans: 2; text-align: left; text-indent: 0px; text-transform: none; widows: 2; word-spacing: 0px; -webkit-text-stroke-width: 0px; white-space: normal; background-color: #ffffff; text-decoration-thickness: initial; text-decoration-style: initial; text-decoration-color: initial;\"><span style=\"font-family: Verdana; font-size: x-small;\">Wir hoffen auf Ihr vollz\u00e4hliges Erscheinen und verbleiben mit freundlichen Gr\u00fc\u00dfen Ihre<\/span><\/p>\n<p style=\"color: #555555; font-family: Verdana, Helvetica, sans-serif; font-size: 13px; font-style: normal; font-variant-ligatures: normal; font-variant-caps: normal; font-weight: 400; letter-spacing: normal; orphans: 2; text-align: left; text-indent: 0px; text-transform: none; widows: 2; word-spacing: 0px; -webkit-text-stroke-width: 0px; white-space: normal; background-color: #ffffff; text-decoration-thickness: initial; text-decoration-style: initial; text-decoration-color: initial;\"><span style=\"font-family: Verdana; font-size: x-small;\">MV - Trachtenkapelle Harmonie e. V. Malschenberg<\/span><\/p>\n<\/div><\/div><\/div><\/div><\/div>\n","protected":false},"excerpt":{"rendered":"","protected":false},"author":1,"featured_media":0,"comment_status":"closed","ping_status":"closed","sticky":false,"template":"","format":"standard","meta":{"footnotes":""},"categories":[54],"tags":[],"class_list":["post-6792","post","type-post","status-publish","format-standard","hentry","category-vereinsnachrichten-2006"],"_links":{"self":[{"href":"https:\/\/mv-malschenberg.de\/index.php\/wp-json\/wp\/v2\/posts\/6792","targetHints":{"allow":["GET"]}}],"collection":[{"href":"https:\/\/mv-malschenberg.de\/index.php\/wp-json\/wp\/v2\/posts"}],"about":[{"href":"https:\/\/mv-malschenberg.de\/index.php\/wp-json\/wp\/v2\/types\/post"}],"author":[{"embeddable":true,"href":"https:\/\/mv-malschenberg.de\/index.php\/wp-json\/wp\/v2\/users\/1"}],"replies":[{"embeddable":true,"href":"https:\/\/mv-malschenberg.de\/index.php\/wp-json\/wp\/v2\/comments?post=6792"}],"version-history":[{"count":10,"href":"https:\/\/mv-malschenberg.de\/index.php\/wp-json\/wp\/v2\/posts\/6792\/revisions"}],"predecessor-version":[{"id":26312,"href":"https:\/\/mv-malschenberg.de\/index.php\/wp-json\/wp\/v2\/posts\/6792\/revisions\/26312"}],"wp:attachment":[{"href":"https:\/\/mv-malschenberg.de\/index.php\/wp-json\/wp\/v2\/media?parent=6792"}],"wp:term":[{"taxonomy":"category","embeddable":true,"href":"https:\/\/mv-malschenberg.de\/index.php\/wp-json\/wp\/v2\/categories?post=6792"},{"taxonomy":"post_tag","embeddable":true,"href":"https:\/\/mv-malschenberg.de\/index.php\/wp-json\/wp\/v2\/tags?post=6792"}],"curies":[{"name":"wp","href":"https:\/\/api.w.org\/{rel}","templated":true}]}}