{"id":6712,"date":"2006-06-24T12:02:22","date_gmt":"2006-06-24T12:02:22","guid":{"rendered":"https:\/\/web32941.greatnet-hosting.de\/?p=6712"},"modified":"2026-03-25T06:29:20","modified_gmt":"2026-03-25T05:29:20","slug":"maelscher-markt-2006","status":"publish","type":"post","link":"https:\/\/mv-malschenberg.de\/index.php\/2006\/06\/24\/maelscher-markt-2006\/","title":{"rendered":"M\u00e4lscher Markt 2006"},"content":{"rendered":"\n<div class=\"et_pb_section_0 et_pb_section et_section_regular et_block_section\"><div class=\"et_pb_row_0 et_pb_row et_block_row\"><div class=\"et_pb_column_0 et_pb_column et_pb_column_4_4 et-last-child et_block_column et_pb_css_mix_blend_mode_passthrough\"><div class=\"et_pb_text_0 et_pb_text et_pb_bg_layout_light et_pb_module et_block_module\"><div class=\"et_pb_text_inner\"><p><span style=\"color: #555555; font-family: Verdana; font-size: x-small; font-style: normal; font-variant-ligatures: normal; font-variant-caps: normal; font-weight: 400; letter-spacing: normal; orphans: 2; text-align: left; text-indent: 0px; text-transform: none; widows: 2; word-spacing: 0px; -webkit-text-stroke-width: 0px; white-space: normal; background-color: #ffffff; text-decoration-thickness: initial; text-decoration-style: initial; text-decoration-color: initial; display: inline !important; float: none;\">Schon zur Tradition geworden, besuchte die Trachtenkapelle am Samstag, dem 24. Juni 2006 unsere Musikfreunde MV Konkordia in Malsch anl\u00e4sslich des diesj\u00e4hrigen M\u00e4lscher Markt. Im gem\u00fctlich ausgeschm\u00fcckten \u201eSpannagels Musikerhof\u201c unterhielt man die gro\u00dfe Besucherschar von 20.00 bis 22.30 mit stimmungsvoller Blasmusik, welche durch unser S\u00e4ngerduo R\u00fcdiger und Erich verst\u00e4rkt wurde. Das Publikum bildete mit der Kapelle eine Einheit, so dass durch die vielseitige Auswahl unseres Dirigenten Erich Merklinger, f\u00fcr jeden Geschmack etwas Besonderes dabei war.<\/span><\/p>\n<\/div><\/div><\/div><\/div><\/div>\n","protected":false},"excerpt":{"rendered":"","protected":false},"author":1,"featured_media":0,"comment_status":"closed","ping_status":"closed","sticky":false,"template":"","format":"standard","meta":{"footnotes":""},"categories":[54],"tags":[],"class_list":["post-6712","post","type-post","status-publish","format-standard","hentry","category-vereinsnachrichten-2006"],"_links":{"self":[{"href":"https:\/\/mv-malschenberg.de\/index.php\/wp-json\/wp\/v2\/posts\/6712","targetHints":{"allow":["GET"]}}],"collection":[{"href":"https:\/\/mv-malschenberg.de\/index.php\/wp-json\/wp\/v2\/posts"}],"about":[{"href":"https:\/\/mv-malschenberg.de\/index.php\/wp-json\/wp\/v2\/types\/post"}],"author":[{"embeddable":true,"href":"https:\/\/mv-malschenberg.de\/index.php\/wp-json\/wp\/v2\/users\/1"}],"replies":[{"embeddable":true,"href":"https:\/\/mv-malschenberg.de\/index.php\/wp-json\/wp\/v2\/comments?post=6712"}],"version-history":[{"count":10,"href":"https:\/\/mv-malschenberg.de\/index.php\/wp-json\/wp\/v2\/posts\/6712\/revisions"}],"predecessor-version":[{"id":26332,"href":"https:\/\/mv-malschenberg.de\/index.php\/wp-json\/wp\/v2\/posts\/6712\/revisions\/26332"}],"wp:attachment":[{"href":"https:\/\/mv-malschenberg.de\/index.php\/wp-json\/wp\/v2\/media?parent=6712"}],"wp:term":[{"taxonomy":"category","embeddable":true,"href":"https:\/\/mv-malschenberg.de\/index.php\/wp-json\/wp\/v2\/categories?post=6712"},{"taxonomy":"post_tag","embeddable":true,"href":"https:\/\/mv-malschenberg.de\/index.php\/wp-json\/wp\/v2\/tags?post=6712"}],"curies":[{"name":"wp","href":"https:\/\/api.w.org\/{rel}","templated":true}]}}