{"id":6696,"date":"2006-07-13T11:58:46","date_gmt":"2006-07-13T11:58:46","guid":{"rendered":"https:\/\/web32941.greatnet-hosting.de\/?p=6696"},"modified":"2026-03-25T06:29:27","modified_gmt":"2026-03-25T05:29:27","slug":"geburtstagskind-reichenbach-vincens","status":"publish","type":"post","link":"https:\/\/mv-malschenberg.de\/index.php\/2006\/07\/13\/geburtstagskind-reichenbach-vincens\/","title":{"rendered":"Geburtstagskind Reichenbach Vincens"},"content":{"rendered":"\n<div class=\"et_pb_section_0 et_pb_section et_section_regular et_block_section\"><div class=\"et_pb_row_0 et_pb_row et_block_row\"><div class=\"et_pb_column_0 et_pb_column et_pb_column_4_4 et-last-child et_block_column et_pb_css_mix_blend_mode_passthrough\"><div class=\"et_pb_text_0 et_pb_text et_pb_bg_layout_light et_pb_module et_block_module\"><div class=\"et_pb_text_inner\"><p style=\"color: #555555; font-family: Verdana, Helvetica, sans-serif; font-size: 13px; font-style: normal; font-variant-ligatures: normal; font-variant-caps: normal; font-weight: 400; letter-spacing: normal; orphans: 2; text-align: left; text-indent: 0px; text-transform: none; widows: 2; word-spacing: 0px; -webkit-text-stroke-width: 0px; white-space: normal; background-color: #ffffff; text-decoration-thickness: initial; text-decoration-style: initial; text-decoration-color: initial;\"><span style=\"font-family: Verdana; font-size: x-small;\">Am Donnerstag, dem 13. Juli 2006 durfte unser passives Mitglied Herrn Vincens Reichenbach sein 70. Wiegenfest begehen. Verwaltungsmitglieder Christa Sch\u00e4ffner und Gerhard Pittich besuchten den Jubilar und \u00fcberreichten ein Pr\u00e4sent der Trachtenkapelle verbunden mit den herzlichsten Gl\u00fcckw\u00fcnschen. Herr Reichenbach war sehr erfreut und bedankte sich mit einer Vereinsspende.<\/span><\/p>\n<p style=\"color: #555555; font-family: Verdana, Helvetica, sans-serif; font-size: 13px; font-style: normal; font-variant-ligatures: normal; font-variant-caps: normal; font-weight: 400; letter-spacing: normal; orphans: 2; text-align: left; text-indent: 0px; text-transform: none; widows: 2; word-spacing: 0px; -webkit-text-stroke-width: 0px; white-space: normal; background-color: #ffffff; text-decoration-thickness: initial; text-decoration-style: initial; text-decoration-color: initial;\"><span style=\"font-family: Verdana; font-size: x-small;\">Der Musikverein Trachtenkapelle Harmonie Malschenberg w\u00fcnscht seinem Jubilar f\u00fcr den weiteren Lebensweg alles Gute bei bester Gesundheit und dankt nochmals recht herzlich f\u00fcr die Vereinsspende.<\/span><\/p>\n<\/div><\/div><\/div><\/div><\/div>\n","protected":false},"excerpt":{"rendered":"","protected":false},"author":1,"featured_media":0,"comment_status":"closed","ping_status":"closed","sticky":false,"template":"","format":"standard","meta":{"footnotes":""},"categories":[54],"tags":[],"class_list":["post-6696","post","type-post","status-publish","format-standard","hentry","category-vereinsnachrichten-2006"],"_links":{"self":[{"href":"https:\/\/mv-malschenberg.de\/index.php\/wp-json\/wp\/v2\/posts\/6696","targetHints":{"allow":["GET"]}}],"collection":[{"href":"https:\/\/mv-malschenberg.de\/index.php\/wp-json\/wp\/v2\/posts"}],"about":[{"href":"https:\/\/mv-malschenberg.de\/index.php\/wp-json\/wp\/v2\/types\/post"}],"author":[{"embeddable":true,"href":"https:\/\/mv-malschenberg.de\/index.php\/wp-json\/wp\/v2\/users\/1"}],"replies":[{"embeddable":true,"href":"https:\/\/mv-malschenberg.de\/index.php\/wp-json\/wp\/v2\/comments?post=6696"}],"version-history":[{"count":10,"href":"https:\/\/mv-malschenberg.de\/index.php\/wp-json\/wp\/v2\/posts\/6696\/revisions"}],"predecessor-version":[{"id":26336,"href":"https:\/\/mv-malschenberg.de\/index.php\/wp-json\/wp\/v2\/posts\/6696\/revisions\/26336"}],"wp:attachment":[{"href":"https:\/\/mv-malschenberg.de\/index.php\/wp-json\/wp\/v2\/media?parent=6696"}],"wp:term":[{"taxonomy":"category","embeddable":true,"href":"https:\/\/mv-malschenberg.de\/index.php\/wp-json\/wp\/v2\/categories?post=6696"},{"taxonomy":"post_tag","embeddable":true,"href":"https:\/\/mv-malschenberg.de\/index.php\/wp-json\/wp\/v2\/tags?post=6696"}],"curies":[{"name":"wp","href":"https:\/\/api.w.org\/{rel}","templated":true}]}}