{"id":6673,"date":"2006-09-08T11:51:37","date_gmt":"2006-09-08T11:51:37","guid":{"rendered":"https:\/\/web32941.greatnet-hosting.de\/?p=6673"},"modified":"2026-03-25T06:29:37","modified_gmt":"2026-03-25T05:29:37","slug":"portugieserfest-2006","status":"publish","type":"post","link":"https:\/\/mv-malschenberg.de\/index.php\/2006\/09\/08\/portugieserfest-2006\/","title":{"rendered":"Portugieserfest 2006"},"content":{"rendered":"\n<div class=\"et_pb_section_0 et_pb_section et_section_regular et_block_section\"><div class=\"et_pb_row_0 et_pb_row et_block_row\"><div class=\"et_pb_column_0 et_pb_column et_pb_column_4_4 et-last-child et_block_column et_pb_css_mix_blend_mode_passthrough\"><div class=\"et_pb_text_0 et_pb_text et_pb_bg_layout_light et_pb_module et_block_module\"><div class=\"et_pb_text_inner\"><p style=\"color: #555555; font-family: Verdana, Helvetica, sans-serif; font-size: 13px; font-style: normal; font-variant-ligatures: normal; font-variant-caps: normal; font-weight: 400; letter-spacing: normal; orphans: 2; text-align: left; text-indent: 0px; text-transform: none; widows: 2; word-spacing: 0px; -webkit-text-stroke-width: 0px; white-space: normal; background-color: #ffffff; text-decoration-thickness: initial; text-decoration-style: initial; text-decoration-color: initial;\"><span style=\"font-family: Verdana; font-size: x-small;\">Am zweiten Septemberwochenende fand auf dem Festplatz in Malschenberg traditionsgem\u00e4\u00df das 49. Portugieserfest in Folge statt. Die \u00f6rtlichen Vereine hatten wieder einmal alle H\u00e4nde voll\u00a0 zu tun, um den Festplatz in ein attraktives Weindorf zu verwandeln. Nat\u00fcrlich beteiligte sich auch der Musikverein mit einem gem\u00fctlich eingerichtetem Festzelt und einem Bierstand an der Gestaltung dieses Festwochenendes. Am Freitagabend hatte man alle M\u00fche um die Jugendlichen und Junggebliebenen beim Discoabend mit Speisen und Getr\u00e4nken bestens zu versorgen. Am Samstag Nachmittag machte sich die Trachtenkapelle auf den Weg die amtierende sowie die neu zu kr\u00f6nende Portugieserhoheiten musikalisch auf den Festplatz zu begleiten. Zur offiziellen Er\u00f6ffnung pr\u00e4sentierten sich die Aktiven mit flotter Blasmusik. Wieder einmal hatte es der Wettergott mit den Malschenbergern gut gemeint, sodass der Festumzug am Sonntag bei dem die Trachtenkapelle nicht fehlen durfte, ein voller Erfolg war. Im Musikerzelt wurden unsere G\u00e4ste mit einer internationalen K\u00fcche verw\u00f6hnt und auch bei unserem Bierstand gab es jederzeit Abk\u00fchlung. Auch am Montag hatten unsere Helfer alle H\u00e4nde voll zu tun um die G\u00e4ste bei Laune zu halten. Zum Abschlu\u00df des Portugieserfestes gab es, durch Zusammenschluss aller Beteiligten ein Feuerwerk, gez\u00fcndet durch die F\u00fcchse, dass das Portugieserdorf mit grandiosen und farbenfrohen Lichtern erhellte.<\/span><\/p>\n<p style=\"color: #555555; font-family: Verdana, Helvetica, sans-serif; font-size: 13px; font-style: normal; font-variant-ligatures: normal; font-variant-caps: normal; font-weight: 400; letter-spacing: normal; orphans: 2; text-align: left; text-indent: 0px; text-transform: none; widows: 2; word-spacing: 0px; -webkit-text-stroke-width: 0px; white-space: normal; background-color: #ffffff; text-decoration-thickness: initial; text-decoration-style: initial; text-decoration-color: initial;\"><span style=\"font-family: Verdana; font-size: x-small;\">Der Musikverein m\u00f6chte sich an erster Linien bei all seinen G\u00e4sten aus nah und fern recht herzlich bedanken. Ein besonderes Dankesch\u00f6n gilt aber auch an unsere Helferinnen und Helfer die durch ihre tatkr\u00e4ftige Mithilfe auch beim Auf- und Abbau sowie der gesamten Organisation den Verein unterst\u00fctzt haben und somit zum Gelingen des Festes beigetragen haben. Herzlichen Dank!<\/span><\/p>\n<\/div><\/div><\/div><\/div><\/div>\n","protected":false},"excerpt":{"rendered":"","protected":false},"author":1,"featured_media":0,"comment_status":"closed","ping_status":"closed","sticky":false,"template":"","format":"standard","meta":{"footnotes":""},"categories":[54],"tags":[],"class_list":["post-6673","post","type-post","status-publish","format-standard","hentry","category-vereinsnachrichten-2006"],"_links":{"self":[{"href":"https:\/\/mv-malschenberg.de\/index.php\/wp-json\/wp\/v2\/posts\/6673","targetHints":{"allow":["GET"]}}],"collection":[{"href":"https:\/\/mv-malschenberg.de\/index.php\/wp-json\/wp\/v2\/posts"}],"about":[{"href":"https:\/\/mv-malschenberg.de\/index.php\/wp-json\/wp\/v2\/types\/post"}],"author":[{"embeddable":true,"href":"https:\/\/mv-malschenberg.de\/index.php\/wp-json\/wp\/v2\/users\/1"}],"replies":[{"embeddable":true,"href":"https:\/\/mv-malschenberg.de\/index.php\/wp-json\/wp\/v2\/comments?post=6673"}],"version-history":[{"count":10,"href":"https:\/\/mv-malschenberg.de\/index.php\/wp-json\/wp\/v2\/posts\/6673\/revisions"}],"predecessor-version":[{"id":26342,"href":"https:\/\/mv-malschenberg.de\/index.php\/wp-json\/wp\/v2\/posts\/6673\/revisions\/26342"}],"wp:attachment":[{"href":"https:\/\/mv-malschenberg.de\/index.php\/wp-json\/wp\/v2\/media?parent=6673"}],"wp:term":[{"taxonomy":"category","embeddable":true,"href":"https:\/\/mv-malschenberg.de\/index.php\/wp-json\/wp\/v2\/categories?post=6673"},{"taxonomy":"post_tag","embeddable":true,"href":"https:\/\/mv-malschenberg.de\/index.php\/wp-json\/wp\/v2\/tags?post=6673"}],"curies":[{"name":"wp","href":"https:\/\/api.w.org\/{rel}","templated":true}]}}