{"id":6472,"date":"2007-07-20T07:28:46","date_gmt":"2007-07-20T07:28:46","guid":{"rendered":"https:\/\/web32941.greatnet-hosting.de\/?p=6472"},"modified":"2026-03-25T06:31:01","modified_gmt":"2026-03-25T05:31:01","slug":"stadtmeisterschaften-2007","status":"publish","type":"post","link":"https:\/\/mv-malschenberg.de\/index.php\/2007\/07\/20\/stadtmeisterschaften-2007\/","title":{"rendered":"Stadtmeisterschaften 2007"},"content":{"rendered":"\n<div class=\"et_pb_section_0 et_pb_section et_section_regular et_block_section\"><div class=\"et_pb_row_0 et_pb_row et_block_row\"><div class=\"et_pb_column_0 et_pb_column et_pb_column_4_4 et-last-child et_block_column et_pb_css_mix_blend_mode_passthrough\"><div class=\"et_pb_text_0 et_pb_text et_pb_bg_layout_light et_pb_module et_block_module\"><div class=\"et_pb_text_inner\"><p><span style=\"color: #555555; font-family: Verdana; font-size: x-small; font-style: normal; font-variant-ligatures: normal; font-variant-caps: normal; font-weight: 400; letter-spacing: normal; orphans: 2; text-align: left; text-indent: 0px; text-transform: none; widows: 2; word-spacing: 0px; -webkit-text-stroke-width: 0px; white-space: normal; background-color: #ffffff; text-decoration-thickness: initial; text-decoration-style: initial; text-decoration-color: initial; display: inline !important; float: none;\">Der Musikverein beteiligte sich bei der diesj\u00e4hrigen TSV Ortsmeisterschaft die am vorletzten Wochenende stattfand. Unsere Mannschaft gemischt von aktiven sowie passiven Mitgliedern k\u00e4mpften mit sportlichem Eifer und Fairness. In der Vorrunde konnte man das Spiel gegen die Feuerwehr und gegen den Tennisclub gewinnen. Somit wurde der erste Platz in der Gruppe erreicht. Bei der darauffolgenden Zwischenrunde gegen den M\u00e4nnergesangverein musste man sich leider geschlagen geben. Darauf folgte das Spiel um Platz drei, das sich unsere Mannschaft nicht nehmen lie\u00df und im Siebenmeterschie\u00dfen f\u00fcr sich entschied. Ein herzliches Dankesch\u00f6n an den Betreuer und Manager Rainer Gerner sowie unseren Spielern auf dem Feld: Karl-Heinz Ittemann, Manfred M\u00fcller, R\u00fcdiger R\u00f6ssler, Matthias Nagel, Holger Bellemann, Mark Leyer, Timo Albuszies, J\u00f6rg Koch und unser Tormann Joachim Sicher.<\/span><br style=\"color: #555555; font-family: Verdana; font-size: x-small; font-style: normal; font-variant-ligatures: normal; font-variant-caps: normal; font-weight: 400; letter-spacing: normal; orphans: 2; text-align: left; text-indent: 0px; text-transform: none; widows: 2; word-spacing: 0px; -webkit-text-stroke-width: 0px; white-space: normal; background-color: #ffffff; text-decoration-thickness: initial; text-decoration-style: initial; text-decoration-color: initial;\" \/><span style=\"color: #555555; font-family: Verdana; font-size: x-small; font-style: normal; font-variant-ligatures: normal; font-variant-caps: normal; font-weight: 400; letter-spacing: normal; orphans: 2; text-align: left; text-indent: 0px; text-transform: none; widows: 2; word-spacing: 0px; -webkit-text-stroke-width: 0px; white-space: normal; background-color: #ffffff; text-decoration-thickness: initial; text-decoration-style: initial; text-decoration-color: initial; display: inline !important; float: none;\">\u00a0Es war mehr drin, aber n\u00e4chstes mal packen es wir wieder an !<\/span><br style=\"color: #555555; font-family: Verdana; font-size: x-small; font-style: normal; font-variant-ligatures: normal; font-variant-caps: normal; font-weight: 400; letter-spacing: normal; orphans: 2; text-align: left; text-indent: 0px; text-transform: none; widows: 2; word-spacing: 0px; -webkit-text-stroke-width: 0px; white-space: normal; background-color: #ffffff; text-decoration-thickness: initial; text-decoration-style: initial; text-decoration-color: initial;\" \/><span style=\"color: #555555; font-family: Verdana; font-size: x-small; font-style: normal; font-variant-ligatures: normal; font-variant-caps: normal; font-weight: 400; letter-spacing: normal; orphans: 2; text-align: left; text-indent: 0px; text-transform: none; widows: 2; word-spacing: 0px; -webkit-text-stroke-width: 0px; white-space: normal; background-color: #ffffff; text-decoration-thickness: initial; text-decoration-style: initial; text-decoration-color: initial; display: inline !important; float: none;\">\u00a0Wir hoffen und rechnen mit eurer Teilnahme im n\u00e4chsten Jahr.<\/span><\/p>\n<\/div><\/div><\/div><\/div><\/div>\n","protected":false},"excerpt":{"rendered":"","protected":false},"author":1,"featured_media":0,"comment_status":"closed","ping_status":"closed","sticky":false,"template":"","format":"standard","meta":{"footnotes":""},"categories":[53],"tags":[],"class_list":["post-6472","post","type-post","status-publish","format-standard","hentry","category-vereinsnachrichten-2007"],"_links":{"self":[{"href":"https:\/\/mv-malschenberg.de\/index.php\/wp-json\/wp\/v2\/posts\/6472","targetHints":{"allow":["GET"]}}],"collection":[{"href":"https:\/\/mv-malschenberg.de\/index.php\/wp-json\/wp\/v2\/posts"}],"about":[{"href":"https:\/\/mv-malschenberg.de\/index.php\/wp-json\/wp\/v2\/types\/post"}],"author":[{"embeddable":true,"href":"https:\/\/mv-malschenberg.de\/index.php\/wp-json\/wp\/v2\/users\/1"}],"replies":[{"embeddable":true,"href":"https:\/\/mv-malschenberg.de\/index.php\/wp-json\/wp\/v2\/comments?post=6472"}],"version-history":[{"count":10,"href":"https:\/\/mv-malschenberg.de\/index.php\/wp-json\/wp\/v2\/posts\/6472\/revisions"}],"predecessor-version":[{"id":26392,"href":"https:\/\/mv-malschenberg.de\/index.php\/wp-json\/wp\/v2\/posts\/6472\/revisions\/26392"}],"wp:attachment":[{"href":"https:\/\/mv-malschenberg.de\/index.php\/wp-json\/wp\/v2\/media?parent=6472"}],"wp:term":[{"taxonomy":"category","embeddable":true,"href":"https:\/\/mv-malschenberg.de\/index.php\/wp-json\/wp\/v2\/categories?post=6472"},{"taxonomy":"post_tag","embeddable":true,"href":"https:\/\/mv-malschenberg.de\/index.php\/wp-json\/wp\/v2\/tags?post=6472"}],"curies":[{"name":"wp","href":"https:\/\/api.w.org\/{rel}","templated":true}]}}