{"id":6404,"date":"2007-12-01T07:13:04","date_gmt":"2007-12-01T07:13:04","guid":{"rendered":"https:\/\/web32941.greatnet-hosting.de\/?p=6404"},"modified":"2026-03-25T06:31:30","modified_gmt":"2026-03-25T05:31:30","slug":"adventskonzert-zu-gunsten-behinderter-kinder-in-malschenberg-2","status":"publish","type":"post","link":"https:\/\/mv-malschenberg.de\/index.php\/2007\/12\/01\/adventskonzert-zu-gunsten-behinderter-kinder-in-malschenberg-2\/","title":{"rendered":"Adventskonzert zu Gunsten behinderter Kinder in Malschenberg"},"content":{"rendered":"\n<div class=\"et_pb_section_0 et_pb_section et_section_regular et_block_section\"><div class=\"et_pb_row_0 et_pb_row et_block_row\"><div class=\"et_pb_column_0 et_pb_column et_pb_column_4_4 et-last-child et_block_column et_pb_css_mix_blend_mode_passthrough\"><div class=\"et_pb_text_0 et_pb_text et_pb_bg_layout_light et_pb_module et_block_module\"><div class=\"et_pb_text_inner\"><p><span style=\"color: #555555; font-family: Verdana; font-size: x-small; font-style: normal; font-variant-ligatures: normal; font-variant-caps: normal; font-weight: 400; letter-spacing: normal; orphans: 2; text-align: left; text-indent: 0px; text-transform: none; widows: 2; word-spacing: 0px; -webkit-text-stroke-width: 0px; white-space: normal; background-color: #ffffff; text-decoration-thickness: initial; text-decoration-style: initial; text-decoration-color: initial; display: inline !important; float: none;\">Im geschmackvoll vorweihnachtlichem Rahmen fand am Samstag, dem 01. Dezember 2007 das alle zwei Jahre stattfindende Adventskonzert unter Mitwirkung aller \u00f6rtlichen Vereinen zu Gunsten der Malschenberger Behinderten Kinder statt. Dazu gaben die musikalischen und gesanglichen Vereine Ihr bestes zu Geh\u00f6r. Unter der Leitung unseres Dirigenten Erich Merklinger zeigten die Musikerinnen und Musiker Ihr K\u00f6nnen, das mit tobendem Beifall belohnt wurde, Die gro\u00dfz\u00fcgige Auswahl verschiedenster Musikrichtungen zeigte dem Publikum mal eine andere Seite der Trachtenkapelle. Erich Merklinger und Christa Sch\u00e4ffner f\u00fchrten durch den musikalischen Auftritt der Trachtenkapelle.<\/span><\/p>\n<\/div><\/div><\/div><\/div><\/div>\n","protected":false},"excerpt":{"rendered":"","protected":false},"author":1,"featured_media":0,"comment_status":"closed","ping_status":"closed","sticky":false,"template":"","format":"standard","meta":{"footnotes":""},"categories":[53],"tags":[],"class_list":["post-6404","post","type-post","status-publish","format-standard","hentry","category-vereinsnachrichten-2007"],"_links":{"self":[{"href":"https:\/\/mv-malschenberg.de\/index.php\/wp-json\/wp\/v2\/posts\/6404","targetHints":{"allow":["GET"]}}],"collection":[{"href":"https:\/\/mv-malschenberg.de\/index.php\/wp-json\/wp\/v2\/posts"}],"about":[{"href":"https:\/\/mv-malschenberg.de\/index.php\/wp-json\/wp\/v2\/types\/post"}],"author":[{"embeddable":true,"href":"https:\/\/mv-malschenberg.de\/index.php\/wp-json\/wp\/v2\/users\/1"}],"replies":[{"embeddable":true,"href":"https:\/\/mv-malschenberg.de\/index.php\/wp-json\/wp\/v2\/comments?post=6404"}],"version-history":[{"count":10,"href":"https:\/\/mv-malschenberg.de\/index.php\/wp-json\/wp\/v2\/posts\/6404\/revisions"}],"predecessor-version":[{"id":26409,"href":"https:\/\/mv-malschenberg.de\/index.php\/wp-json\/wp\/v2\/posts\/6404\/revisions\/26409"}],"wp:attachment":[{"href":"https:\/\/mv-malschenberg.de\/index.php\/wp-json\/wp\/v2\/media?parent=6404"}],"wp:term":[{"taxonomy":"category","embeddable":true,"href":"https:\/\/mv-malschenberg.de\/index.php\/wp-json\/wp\/v2\/categories?post=6404"},{"taxonomy":"post_tag","embeddable":true,"href":"https:\/\/mv-malschenberg.de\/index.php\/wp-json\/wp\/v2\/tags?post=6404"}],"curies":[{"name":"wp","href":"https:\/\/api.w.org\/{rel}","templated":true}]}}