{"id":6254,"date":"2008-07-18T06:03:24","date_gmt":"2008-07-18T06:03:24","guid":{"rendered":"https:\/\/web32941.greatnet-hosting.de\/?p=6254"},"modified":"2026-03-25T06:32:36","modified_gmt":"2026-03-25T05:32:36","slug":"verabschiedung-mit-pauken-und-trompeten","status":"publish","type":"post","link":"https:\/\/mv-malschenberg.de\/index.php\/2008\/07\/18\/verabschiedung-mit-pauken-und-trompeten\/","title":{"rendered":"Verabschiedung mit Pauken und Trompeten"},"content":{"rendered":"\n<div class=\"et_pb_section_0 et_pb_section et_section_regular et_block_section\"><div class=\"et_pb_row_0 et_pb_row et_block_row\"><div class=\"et_pb_column_0 et_pb_column et_pb_column_4_4 et-last-child et_block_column et_pb_css_mix_blend_mode_passthrough\"><div class=\"et_pb_text_0 et_pb_text et_pb_bg_layout_light et_pb_module et_block_module\"><div class=\"et_pb_text_inner\"><p style=\"color: #555555; font-family: Verdana, Helvetica, sans-serif; font-size: 13px; font-style: normal; font-variant-ligatures: normal; font-variant-caps: normal; font-weight: 400; letter-spacing: normal; orphans: 2; text-align: left; text-indent: 0px; text-transform: none; widows: 2; word-spacing: 0px; -webkit-text-stroke-width: 0px; white-space: normal; background-color: #ffffff; text-decoration-thickness: initial; text-decoration-style: initial; text-decoration-color: initial;\"><span style=\"font-family: Verdana; font-size: x-small;\"><span style=\"font-family: Verdana;\"><span style=\"font-size: x-small;\"><big>Am letzten Freitag, dem 18. Juli 2008 folgten wir der Einladung von unserem Ehrenmitglied, Freund und G\u00f6nner Herrn Gerhard Knopf zur Musikprobe, die\u00a0 unter freiem Himmel bei \u201eGerhards Ranch\u201c stattfand. Anlass daf\u00fcr war in diesem Jahr nicht die letzte Musikprobe vor den Sommerferien, sondern die Abschiedsfeier von dem aus Brasilien stammenden Selio Braun. Der 19 j\u00e4hrige Selio mit deutscher Herkunft stammt aus dem kleinen Ort Salvador do Sul, dem Bundesstaat O Rio Grande do Sul. Vor fast genau einem Jahr kam er in unsere Region und wusste noch nicht, was Ihn alles erwartet. Als Praktikant beim Weingut Ihle verbrachte er seine Zeit, und stellte sich schon nach einigen Tagen als wissensbegierter Helfer dar. Nicht nur im Weinbau, sondern in allen anderen Bereichen die der Ihle Hof zu bieten hat, setzte er Hand an und war immer zur rechten Zeit an der richtigen Stelle. \u201eEin Genie in allen Bereichen\u201c, so unser Gerhard, der ihn mit Wehmut und einem feuchten Auge verabschiedete.<\/big><\/span><\/span><\/span><\/p>\n<p style=\"color: #555555; font-family: Verdana, Helvetica, sans-serif; font-size: 13px; font-style: normal; font-variant-ligatures: normal; font-variant-caps: normal; font-weight: 400; letter-spacing: normal; orphans: 2; text-align: left; text-indent: 0px; text-transform: none; widows: 2; word-spacing: 0px; -webkit-text-stroke-width: 0px; white-space: normal; background-color: #ffffff; text-decoration-thickness: initial; text-decoration-style: initial; text-decoration-color: initial;\">\n<\/div><\/div><\/div><\/div><div class=\"et_pb_row_1 et_pb_row et_block_row\"><div class=\"et_pb_column_1 et_pb_column et_pb_column_4_4 et-last-child et_block_column et_pb_css_mix_blend_mode_passthrough\"><div class=\"et_pb_image_0 et_pb_image et_pb_module et_block_module\"><span class=\"et_pb_image_wrap\"><img loading=\"lazy\" decoding=\"async\" src=\"https:\/\/mv-malschenberg.de\/wp-content\/uploads\/2023\/11\/R1_100_1751.jpg\" width=\"724\" height=\"544\" srcset=\"https:\/\/mv-malschenberg.de\/wp-content\/uploads\/2023\/11\/R1_100_1751.jpg 724w, https:\/\/mv-malschenberg.de\/wp-content\/uploads\/2023\/11\/R1_100_1751-480x361.jpg 480w\" sizes=\"(min-width: 0px) and (max-width: 480px) 480px, (min-width: 481px) 724px, 100vw\" class=\"wp-image-11229\" title=\"R1_100_1751\" \/><\/span><\/div><\/div><\/div><div class=\"et_pb_row_2 et_pb_row et_block_row\"><div class=\"et_pb_column_2 et_pb_column et_pb_column_4_4 et-last-child et_block_column et_pb_css_mix_blend_mode_passthrough\"><div class=\"et_pb_text_1 et_pb_text et_pb_bg_layout_light et_pb_module et_block_module\"><div class=\"et_pb_text_inner\"><div class=\"et-module-fe12d3cb-5b7c-4640-82c5-8d9e5b0b98ec et_pb_column ui-sortable et-animated--vb et_pb_column_4_4 et_pb_column_5 et-first-child et-last-child et_pb_with_border\" data-address=\"2.0.0\">\n<div class=\"et-module-422b9b77-f8f8-4075-8c5c-b627f8b80e6a et_pb_text et_pb_module ui-sortable et_pb_text_2 et-animated--vb et_pb_text_align_left et_pb_bg_layout_light et-first-child et-last-child\" data-address=\"2.0.0.0\" dynamic=\"[object Object]\" matching=\"[object Object]\" _key=\"422b9b77-f8f8-4075-8c5c-b627f8b80e6a\">\n<div class=\"et_pb_text_inner\">\n<div data-shortcode-id=\"2.0.0.0-1699424835194\" data-quickaccess-editable=\"yes\" class=\"et-fb-popover-tinymce\">\n<p>\u00a0 \u00a0 \u00a0 \u00a0 \u00a0 \u00a0 \u00a0 \u00a0 \u00a0 \u00a0 \u00a0 \u00a0 \u00a0 \u00a0 \u00a0 \u00a0 \u00a0 \u00a0 \u00a0 \u00a0 \u00a0 \u00a0 \u00a0 \u00a0 \u00a0 \u00a0 \u00a0 \u00a0 \u00a0 \u00a0 \u00a0 \u00a0 \u00a0 \u00a0 \u00a0 \u00a0 \u00a0 \u00a0 \u00a0 \u00a0 \u00a0 \u00a0 \u00a0 \u00a0 Selio und Gerhard<\/p>\n<p>&nbsp;<\/p>\n<div class=\"mce-content-body\" contenteditable=\"false\">\n<p><span><big>Der Musikverein Trachtenkapelle Harmonie Malschenberg w\u00fcnscht dir, lieber Selio nochmals alles erdenklich Gute f\u00fcr deinen weiteren Lebens- und Berufsweg. Verwirkliche dein Wissen, das du in Deutschland erfahren hast in deiner Heimat und vielleicht gibt es irgendwann ein Wiedersehen. Ein ganz besonderes Dankesch\u00f6n an unseren Gerhard und seine Frau Wilma f\u00fcr die Einladung, die vielen K\u00f6stlichkeiten von Speis und Trank und die netten Stunden<\/big><\/span><\/p>\n<\/div>\n<\/div>\n<\/div>\n<\/div>\n<\/div>\n<\/div><\/div><\/div><\/div><\/div>\n","protected":false},"excerpt":{"rendered":"","protected":false},"author":1,"featured_media":0,"comment_status":"closed","ping_status":"closed","sticky":false,"template":"","format":"standard","meta":{"footnotes":""},"categories":[52],"tags":[],"class_list":["post-6254","post","type-post","status-publish","format-standard","hentry","category-vereinsnachrichten-2008"],"_links":{"self":[{"href":"https:\/\/mv-malschenberg.de\/index.php\/wp-json\/wp\/v2\/posts\/6254","targetHints":{"allow":["GET"]}}],"collection":[{"href":"https:\/\/mv-malschenberg.de\/index.php\/wp-json\/wp\/v2\/posts"}],"about":[{"href":"https:\/\/mv-malschenberg.de\/index.php\/wp-json\/wp\/v2\/types\/post"}],"author":[{"embeddable":true,"href":"https:\/\/mv-malschenberg.de\/index.php\/wp-json\/wp\/v2\/users\/1"}],"replies":[{"embeddable":true,"href":"https:\/\/mv-malschenberg.de\/index.php\/wp-json\/wp\/v2\/comments?post=6254"}],"version-history":[{"count":10,"href":"https:\/\/mv-malschenberg.de\/index.php\/wp-json\/wp\/v2\/posts\/6254\/revisions"}],"predecessor-version":[{"id":26446,"href":"https:\/\/mv-malschenberg.de\/index.php\/wp-json\/wp\/v2\/posts\/6254\/revisions\/26446"}],"wp:attachment":[{"href":"https:\/\/mv-malschenberg.de\/index.php\/wp-json\/wp\/v2\/media?parent=6254"}],"wp:term":[{"taxonomy":"category","embeddable":true,"href":"https:\/\/mv-malschenberg.de\/index.php\/wp-json\/wp\/v2\/categories?post=6254"},{"taxonomy":"post_tag","embeddable":true,"href":"https:\/\/mv-malschenberg.de\/index.php\/wp-json\/wp\/v2\/tags?post=6254"}],"curies":[{"name":"wp","href":"https:\/\/api.w.org\/{rel}","templated":true}]}}