{"id":6214,"date":"2008-09-10T05:52:45","date_gmt":"2008-09-10T05:52:45","guid":{"rendered":"https:\/\/web32941.greatnet-hosting.de\/?p=6214"},"modified":"2026-03-25T06:32:55","modified_gmt":"2026-03-25T05:32:55","slug":"portugieserfest-blockhuette-des-mv-auf-fahrbarem-untersatz","status":"publish","type":"post","link":"https:\/\/mv-malschenberg.de\/index.php\/2008\/09\/10\/portugieserfest-blockhuette-des-mv-auf-fahrbarem-untersatz\/","title":{"rendered":"Portugieserfest &#8211; Blockh\u00fctte des MV auf fahrbarem Untersatz"},"content":{"rendered":"\n<div class=\"et_pb_section_0 et_pb_section et_section_regular et_block_section\"><div class=\"et_pb_row_0 et_pb_row et_block_row\"><div class=\"et_pb_column_0 et_pb_column et_pb_column_4_4 et-last-child et_block_column et_pb_css_mix_blend_mode_passthrough\"><div class=\"et_pb_text_0 et_pb_text et_pb_bg_layout_light et_pb_module et_block_module\"><div class=\"et_pb_text_inner\"><p style=\"color: #555555; font-family: Verdana, Helvetica, sans-serif; font-size: 13px; font-style: normal; font-variant-ligatures: normal; font-variant-caps: normal; font-weight: 400; letter-spacing: normal; orphans: 2; text-align: left; text-indent: 0px; text-transform: none; widows: 2; word-spacing: 0px; -webkit-text-stroke-width: 0px; white-space: normal; background-color: #ffffff; text-decoration-thickness: initial; text-decoration-style: initial; text-decoration-color: initial;\"><span style=\"font-family: Verdana; font-size: x-small;\"><span style=\"font-size: x-small;\"><span style=\"font-family: Verdana;\"><big>Vor einigen Wochen entstand die Idee, unsere Portugieserfestblockh\u00fctte mit einem fahrbaren Untersatz zu versehen. Dadurch w\u00fcrde f\u00fcr alle Mitarbeiter eine gro\u00dfe Erleichterung in Zukunft beim Auf- und Abbau der H\u00fctte entstehen. Um jedoch diesen gro\u00dfen Aufwand zeitnah zum diesj\u00e4hrigen Portugieserfest zu verwirklichen, stand als erstes die Planungsphase im Vordergrund. Ein fahrbares Gestell als Anh\u00e4nger wurde in Alleinf\u00fchrung von unserem Verwaltungsmitglied Herrn Jesus Farinas gebaut. Nach mehreren Aufma\u00df- und Anpassungsterminen wurde leider festgestellt, dass die geplante und erforderliche Gr\u00f6\u00dfe des Anh\u00e4ngers, auf dem die komplette H\u00fctte installiert werden soll, nicht durch die Hofausfahrt des Standortes passt. Die Pl\u00e4ne mussten ver\u00e4ndert werden. Ebenfalls in Vorarbeit in der Sommerurlaubszeit wurde eine Gartenmauer sowie eine Gartenlampe versetzt. Nach viel z\u00e4hligen Stunden Arbeit pr\u00e4sentierte uns Jesus mit vollem Stolz den fertig geschwei\u00dften Anh\u00e4nger.<\/big><\/span><\/span><\/span><\/p>\n<p style=\"color: #555555; font-family: Verdana, Helvetica, sans-serif; font-size: 13px; font-style: normal; font-variant-ligatures: normal; font-variant-caps: normal; font-weight: 400; letter-spacing: normal; orphans: 2; text-align: left; text-indent: 0px; text-transform: none; widows: 2; word-spacing: 0px; -webkit-text-stroke-width: 0px; white-space: normal; background-color: #ffffff; text-decoration-thickness: initial; text-decoration-style: initial; text-decoration-color: initial;\"><strong><span style=\"font-weight: bold;\">\u00a0<\/span><\/strong><\/p>\n<\/div><\/div><div class=\"et_pb_image_0 et_pb_image et_pb_module et_block_module\"><span class=\"et_pb_image_wrap\"><img loading=\"lazy\" decoding=\"async\" src=\"https:\/\/mv-malschenberg.de\/wp-content\/uploads\/2023\/11\/Jesus_und_Untersatz.jpg\" width=\"640\" height=\"480\" srcset=\"https:\/\/mv-malschenberg.de\/wp-content\/uploads\/2023\/11\/Jesus_und_Untersatz.jpg 640w, https:\/\/mv-malschenberg.de\/wp-content\/uploads\/2023\/11\/Jesus_und_Untersatz-480x360.jpg 480w\" sizes=\"(min-width: 0px) and (max-width: 480px) 480px, (min-width: 481px) 640px, 100vw\" class=\"wp-image-11240\" title=\"Jesus_und_Untersatz\" \/><\/span><\/div><\/div><\/div><div class=\"et_pb_row_1 et_pb_row et_block_row\"><div class=\"et_pb_column_1 et_pb_column et_pb_column_4_4 et-last-child et_block_column et_pb_css_mix_blend_mode_passthrough\"><div class=\"et_pb_text_1 et_pb_text et_pb_bg_layout_light et_pb_module et_block_module\"><div class=\"et_pb_text_inner\"><p style=\"color: #555555; font-family: Verdana, Helvetica, sans-serif; font-size: 13px; font-style: normal; font-variant-ligatures: normal; font-variant-caps: normal; font-weight: 400; letter-spacing: normal; orphans: 2; text-align: left; text-indent: 0px; text-transform: none; widows: 2; word-spacing: 0px; -webkit-text-stroke-width: 0px; white-space: normal; background-color: #ffffff; text-decoration-thickness: initial; text-decoration-style: initial; text-decoration-color: initial;\">\n<p style=\"color: #555555; font-family: Verdana, Helvetica, sans-serif; font-size: 13px; font-style: normal; font-variant-ligatures: normal; font-variant-caps: normal; font-weight: 400; letter-spacing: normal; orphans: 2; text-align: left; text-indent: 0px; text-transform: none; widows: 2; word-spacing: 0px; -webkit-text-stroke-width: 0px; white-space: normal; background-color: #ffffff; text-decoration-thickness: initial; text-decoration-style: initial; text-decoration-color: initial;\">Alles Paletti, die Idee mit samt der Verwirklichung hat sich gelohnt! An dieser Stelle ein herzliches Dankesch\u00f6n und gro\u00dfes Lob an unseren Jesus Farinas, der die meiste Arbeit und Kopfzerbrechen hatte. Danke auch an R\u00fcdiger Knopf, Rainer Gerner, Gebhard Brucker, Uwe Reichenbach, Manfred M\u00fcller, Michael Rieger und Thomas M\u00fcller, die alle tatkr\u00e4ftig mit dabei waren. Nancy Gerner und Karin Schwab sorgten und spendeten die Bewirtung, so dass die Helfer bei Laune blieben und die Kr\u00e4fte nicht nach lie\u00dfen.<\/p>\n<\/div><\/div><div class=\"et_pb_image_1 et_pb_image et_pb_module et_block_module\"><span class=\"et_pb_image_wrap\"><img loading=\"lazy\" decoding=\"async\" src=\"https:\/\/mv-malschenberg.de\/wp-content\/uploads\/2023\/11\/Blockhuette_fahrbar.jpg\" width=\"640\" height=\"480\" srcset=\"https:\/\/mv-malschenberg.de\/wp-content\/uploads\/2023\/11\/Blockhuette_fahrbar.jpg 640w, https:\/\/mv-malschenberg.de\/wp-content\/uploads\/2023\/11\/Blockhuette_fahrbar-480x360.jpg 480w\" sizes=\"(min-width: 0px) and (max-width: 480px) 480px, (min-width: 481px) 640px, 100vw\" class=\"wp-image-11241\" title=\"Blockhuette_fahrbar\" \/><\/span><\/div><\/div><\/div><div class=\"et_pb_row_2 et_pb_row et_block_row\"><div class=\"et_pb_column_2 et_pb_column et_pb_column_4_4 et-last-child et_block_column et_pb_css_mix_blend_mode_passthrough\"><div class=\"et_pb_text_2 et_pb_text et_pb_bg_layout_light et_pb_module et_block_module\"><div class=\"et_pb_text_inner\"><p style=\"color: #555555; font-family: Verdana, Helvetica, sans-serif; font-size: 13px; font-style: normal; font-variant-ligatures: normal; font-variant-caps: normal; font-weight: 400; letter-spacing: normal; orphans: 2; text-align: left; text-indent: 0px; text-transform: none; widows: 2; word-spacing: 0px; -webkit-text-stroke-width: 0px; white-space: normal; background-color: #ffffff; text-decoration-thickness: initial; text-decoration-style: initial; text-decoration-color: initial;\">\n<p style=\"color: #555555; font-family: Verdana, Helvetica, sans-serif; font-size: 13px; font-style: normal; font-variant-ligatures: normal; font-variant-caps: normal; font-weight: 400; letter-spacing: normal; orphans: 2; text-align: left; text-indent: 0px; text-transform: none; widows: 2; word-spacing: 0px; -webkit-text-stroke-width: 0px; white-space: normal; background-color: #ffffff; text-decoration-thickness: initial; text-decoration-style: initial; text-decoration-color: initial;\">Alles Paletti, die Idee mit samt der Verwirklichung hat sich gelohnt! An dieser Stelle ein herzliches Dankesch\u00f6n und gro\u00dfes Lob an unseren Jesus Farinas, der die meiste Arbeit und Kopfzerbrechen hatte. Danke auch an R\u00fcdiger Knopf, Rainer Gerner, Gebhard Brucker, Uwe Reichenbach, Manfred M\u00fcller, Michael Rieger und Thomas M\u00fcller, die alle tatkr\u00e4ftig mit dabei waren. Nancy Gerner und Karin Schwab sorgten und spendeten die Bewirtung, so dass die Helfer bei Laune blieben und die Kr\u00e4fte nicht nach lie\u00dfen.<\/p>\n<\/div><\/div><\/div><\/div><\/div>\n","protected":false},"excerpt":{"rendered":"","protected":false},"author":1,"featured_media":0,"comment_status":"closed","ping_status":"closed","sticky":false,"template":"","format":"standard","meta":{"footnotes":""},"categories":[52],"tags":[],"class_list":["post-6214","post","type-post","status-publish","format-standard","hentry","category-vereinsnachrichten-2008"],"_links":{"self":[{"href":"https:\/\/mv-malschenberg.de\/index.php\/wp-json\/wp\/v2\/posts\/6214","targetHints":{"allow":["GET"]}}],"collection":[{"href":"https:\/\/mv-malschenberg.de\/index.php\/wp-json\/wp\/v2\/posts"}],"about":[{"href":"https:\/\/mv-malschenberg.de\/index.php\/wp-json\/wp\/v2\/types\/post"}],"author":[{"embeddable":true,"href":"https:\/\/mv-malschenberg.de\/index.php\/wp-json\/wp\/v2\/users\/1"}],"replies":[{"embeddable":true,"href":"https:\/\/mv-malschenberg.de\/index.php\/wp-json\/wp\/v2\/comments?post=6214"}],"version-history":[{"count":10,"href":"https:\/\/mv-malschenberg.de\/index.php\/wp-json\/wp\/v2\/posts\/6214\/revisions"}],"predecessor-version":[{"id":26456,"href":"https:\/\/mv-malschenberg.de\/index.php\/wp-json\/wp\/v2\/posts\/6214\/revisions\/26456"}],"wp:attachment":[{"href":"https:\/\/mv-malschenberg.de\/index.php\/wp-json\/wp\/v2\/media?parent=6214"}],"wp:term":[{"taxonomy":"category","embeddable":true,"href":"https:\/\/mv-malschenberg.de\/index.php\/wp-json\/wp\/v2\/categories?post=6214"},{"taxonomy":"post_tag","embeddable":true,"href":"https:\/\/mv-malschenberg.de\/index.php\/wp-json\/wp\/v2\/tags?post=6214"}],"curies":[{"name":"wp","href":"https:\/\/api.w.org\/{rel}","templated":true}]}}