{"id":6122,"date":"2008-12-14T05:29:19","date_gmt":"2008-12-14T05:29:19","guid":{"rendered":"https:\/\/web32941.greatnet-hosting.de\/?p=6122"},"modified":"2026-03-25T06:33:35","modified_gmt":"2026-03-25T05:33:35","slug":"nikolausfeier-2008","status":"publish","type":"post","link":"https:\/\/mv-malschenberg.de\/index.php\/2008\/12\/14\/nikolausfeier-2008\/","title":{"rendered":"Nikolausfeier 2008"},"content":{"rendered":"\n<div class=\"et_pb_section_0 et_pb_section et_section_regular et_block_section\"><div class=\"et_pb_row_0 et_pb_row et_block_row\"><div class=\"et_pb_column_0 et_pb_column et_pb_column_4_4 et-last-child et_block_column et_pb_css_mix_blend_mode_passthrough\"><div class=\"et_pb_text_0 et_pb_text et_pb_bg_layout_light et_pb_module et_block_module\"><div class=\"et_pb_text_inner\"><p style=\"color: #555555; font-family: Verdana, Helvetica, sans-serif; font-size: 13px; font-style: normal; font-variant-ligatures: normal; font-variant-caps: normal; font-weight: 400; letter-spacing: normal; orphans: 2; text-align: left; text-indent: 0px; text-transform: none; widows: 2; word-spacing: 0px; -webkit-text-stroke-width: 0px; white-space: normal; background-color: #ffffff; text-decoration-thickness: initial; text-decoration-style: initial; text-decoration-color: initial; margin-top: 0pt; margin-bottom: 0pt;\"><span style=\"font-family: Verdana; font-size: x-small;\">m vorweihnachtlichen Rahmen feierte der Musikverein am dritten Adventssonntag im Kreise seiner Mitglieder und Freunde die schon zur Tradition gewordene Nikolausfeier, im Untergeschoss der Brunnenberghalle. Erster Vorsitzender R\u00fcdiger Knopf freute sich die anwesenden G\u00e4ste mit einem schmunzelnden Weihnachtsgedicht begr\u00fc\u00dfen zu d\u00fcrfen und w\u00fcnschte ein sch\u00f6nes und gem\u00fctliches Miteinander. Unter der Regie von Michael Rieger stimmte eine Auswahl von Musikern mit einigen Weihnachtsliedern zur besinnlichen Vorweihnachtszeit ein. Bald darauf traf auch schon unser Nikolaus ein. Er rief alle Kinder und Jungmusikern zu sich und verteile seine mitgebrachten Geschenke. Ebenso bedankte er sich bei allen Helfern f\u00fcr die geleistete Arbeit das ganze Jahr \u00fcber. Nicht zu vergessen die gesamte Vorstandschaft, unser Dirigent und die Ausbilder. Den offiziellen Teil verbrachte man bei Kaffee und Kuchen und Weihnachtsliedern. Ein k\u00f6stliches Vesper rundete den Abend nach einigen gem\u00fctliche Stunden\u00a0 bei der Musikerfamilie ab. Allen Helfern und Kuchenspendern, die zum Gelingen dieser Nikolausfeier beigetragen haben geb\u00fchrt ein herzliches Dankesch\u00f6n! Ganz besonders m\u00f6chten wir uns bei Gerhard Pittich bedanken, der als w\u00fcrdigen Vertreter unseres erkrankten Nikolaus eingesprungen war und seine Sache hervorragend gemeistert hat. Von dieser Stelle aus w\u00fcnschen wir unserem Gerhard Knopf beste Genesung und herzlichen Dank f\u00fcr das gespendete Vesper!<\/span><big><strong><span style=\"font-weight: bold;\"><\/span><\/strong><\/big><\/p>\n<\/div><\/div><div class=\"et_pb_image_0 et_pb_image et_pb_module et_block_module\"><span class=\"et_pb_image_wrap\"><img loading=\"lazy\" decoding=\"async\" src=\"https:\/\/mv-malschenberg.de\/wp-content\/uploads\/2023\/11\/100_1882korr_inter-scaled.jpg\" width=\"2560\" height=\"1920\" srcset=\"https:\/\/mv-malschenberg.de\/wp-content\/uploads\/2023\/11\/100_1882korr_inter-scaled.jpg 2560w, https:\/\/mv-malschenberg.de\/wp-content\/uploads\/2023\/11\/100_1882korr_inter-1280x960.jpg 1280w, https:\/\/mv-malschenberg.de\/wp-content\/uploads\/2023\/11\/100_1882korr_inter-980x735.jpg 980w, https:\/\/mv-malschenberg.de\/wp-content\/uploads\/2023\/11\/100_1882korr_inter-480x360.jpg 480w\" sizes=\"(min-width: 0px) and (max-width: 480px) 480px, (min-width: 481px) and (max-width: 980px) 980px, (min-width: 981px) and (max-width: 1280px) 1280px, (min-width: 1281px) 2560px, 100vw\" class=\"wp-image-11232\" title=\"100_1882korr_inter\" \/><\/span><\/div><div class=\"et_pb_image_1 et_pb_image et_pb_module et_block_module\"><span class=\"et_pb_image_wrap\"><img loading=\"lazy\" decoding=\"async\" src=\"https:\/\/mv-malschenberg.de\/wp-content\/uploads\/2023\/11\/100_1884korr_inter-scaled.jpg\" width=\"2560\" height=\"1920\" srcset=\"https:\/\/mv-malschenberg.de\/wp-content\/uploads\/2023\/11\/100_1884korr_inter-scaled.jpg 2560w, https:\/\/mv-malschenberg.de\/wp-content\/uploads\/2023\/11\/100_1884korr_inter-1280x960.jpg 1280w, https:\/\/mv-malschenberg.de\/wp-content\/uploads\/2023\/11\/100_1884korr_inter-980x735.jpg 980w, https:\/\/mv-malschenberg.de\/wp-content\/uploads\/2023\/11\/100_1884korr_inter-480x360.jpg 480w\" sizes=\"(min-width: 0px) and (max-width: 480px) 480px, (min-width: 481px) and (max-width: 980px) 980px, (min-width: 981px) and (max-width: 1280px) 1280px, (min-width: 1281px) 2560px, 100vw\" class=\"wp-image-11233\" title=\"100_1884korr_inter\" \/><\/span><\/div><\/div><\/div><\/div>\n","protected":false},"excerpt":{"rendered":"","protected":false},"author":1,"featured_media":0,"comment_status":"closed","ping_status":"closed","sticky":false,"template":"","format":"standard","meta":{"footnotes":""},"categories":[52],"tags":[],"class_list":["post-6122","post","type-post","status-publish","format-standard","hentry","category-vereinsnachrichten-2008"],"_links":{"self":[{"href":"https:\/\/mv-malschenberg.de\/index.php\/wp-json\/wp\/v2\/posts\/6122","targetHints":{"allow":["GET"]}}],"collection":[{"href":"https:\/\/mv-malschenberg.de\/index.php\/wp-json\/wp\/v2\/posts"}],"about":[{"href":"https:\/\/mv-malschenberg.de\/index.php\/wp-json\/wp\/v2\/types\/post"}],"author":[{"embeddable":true,"href":"https:\/\/mv-malschenberg.de\/index.php\/wp-json\/wp\/v2\/users\/1"}],"replies":[{"embeddable":true,"href":"https:\/\/mv-malschenberg.de\/index.php\/wp-json\/wp\/v2\/comments?post=6122"}],"version-history":[{"count":10,"href":"https:\/\/mv-malschenberg.de\/index.php\/wp-json\/wp\/v2\/posts\/6122\/revisions"}],"predecessor-version":[{"id":26478,"href":"https:\/\/mv-malschenberg.de\/index.php\/wp-json\/wp\/v2\/posts\/6122\/revisions\/26478"}],"wp:attachment":[{"href":"https:\/\/mv-malschenberg.de\/index.php\/wp-json\/wp\/v2\/media?parent=6122"}],"wp:term":[{"taxonomy":"category","embeddable":true,"href":"https:\/\/mv-malschenberg.de\/index.php\/wp-json\/wp\/v2\/categories?post=6122"},{"taxonomy":"post_tag","embeddable":true,"href":"https:\/\/mv-malschenberg.de\/index.php\/wp-json\/wp\/v2\/tags?post=6122"}],"curies":[{"name":"wp","href":"https:\/\/api.w.org\/{rel}","templated":true}]}}