{"id":6074,"date":"2009-01-31T05:16:55","date_gmt":"2009-01-31T05:16:55","guid":{"rendered":"https:\/\/web32941.greatnet-hosting.de\/?p=6074"},"modified":"2026-03-25T06:33:59","modified_gmt":"2026-03-25T05:33:59","slug":"winterfeier-2009","status":"publish","type":"post","link":"https:\/\/mv-malschenberg.de\/index.php\/2009\/01\/31\/winterfeier-2009\/","title":{"rendered":"Winterfeier 2009"},"content":{"rendered":"\n<div class=\"et_pb_section_0 et_pb_section et_section_regular et_block_section\"><div class=\"et_pb_row_0 et_pb_row et_block_row\"><div class=\"et_pb_column_0 et_pb_column et_pb_column_4_4 et-last-child et_block_column et_pb_css_mix_blend_mode_passthrough\"><div class=\"et_pb_text_0 et_pb_text et_pb_bg_layout_light et_pb_module et_block_module\"><div class=\"et_pb_text_inner\"><p><span style=\"color: #555555; font-family: Verdana, Helvetica, sans-serif; font-style: normal; font-variant-ligatures: normal; font-variant-caps: normal; font-weight: 400; letter-spacing: normal; orphans: 2; text-align: left; text-indent: 0px; text-transform: none; widows: 2; word-spacing: 0px; -webkit-text-stroke-width: 0px; white-space: normal; background-color: #ffffff; text-decoration-thickness: initial; text-decoration-style: initial; text-decoration-color: initial; font-size: 12px;\"><strong><span style=\"font-family: Verdana;\"><big>\u00a0 D<\/big><\/span><\/strong><\/span><span style=\"color: #555555; font-style: normal; font-variant-ligatures: normal; font-variant-caps: normal; font-weight: 400; letter-spacing: normal; orphans: 2; text-align: left; text-indent: 0px; text-transform: none; widows: 2; word-spacing: 0px; -webkit-text-stroke-width: 0px; white-space: normal; background-color: #ffffff; text-decoration-thickness: initial; text-decoration-style: initial; text-decoration-color: initial; font-family: Verdana; font-size: x-small;\"><span style=\"font-size: x-small;\"><span style=\"font-family: Verdana; font-size: x-small;\"><big><span style=\"font-family: Verdana;\">ie aktiven Musiker und Musikerinnen sowie die Vorstandschaft und Verwaltungsmitglieder machten sich am Samstag, 31.01.09 auf dem Weg zum TSV Clubhaus zur gemeinsamen Winterfeier. Nach dem fast vollz\u00e4hligem Erscheinen und bis jeder einen geeigneten Platz gefunden hatte, folgten ein paar kurze Begr\u00fc\u00dfungsworte unseres ersten Vorsitzenden R\u00fcdiger Knopf. Er bedankte sich f\u00fcr das vollbrachte vergangene Vereinsjahr und w\u00fcnschte einen gemeinsam, fr\u00f6hlich verlaufenden Kameradschaftsabend. Danach begann man mit der Bestellung der verschiedensten Men\u00fckompositionen. Die Geselligkeit stand nat\u00fcrlich an diesem Abend im Vordergrund, es wurde viel gelacht und die Kameradschaft wurde gepflegt. Ein besonderes Dankesch\u00f6n geht dabei an unsere Vorstandschaft, die diese Winterfeier finanziell unterst\u00fctzte.<\/span><\/big><\/span><\/span><\/span><\/p>\n<\/div><\/div><\/div><\/div><\/div>\n","protected":false},"excerpt":{"rendered":"","protected":false},"author":1,"featured_media":0,"comment_status":"closed","ping_status":"closed","sticky":false,"template":"","format":"standard","meta":{"footnotes":""},"categories":[51],"tags":[],"class_list":["post-6074","post","type-post","status-publish","format-standard","hentry","category-vereinsnachrichten-2009"],"_links":{"self":[{"href":"https:\/\/mv-malschenberg.de\/index.php\/wp-json\/wp\/v2\/posts\/6074","targetHints":{"allow":["GET"]}}],"collection":[{"href":"https:\/\/mv-malschenberg.de\/index.php\/wp-json\/wp\/v2\/posts"}],"about":[{"href":"https:\/\/mv-malschenberg.de\/index.php\/wp-json\/wp\/v2\/types\/post"}],"author":[{"embeddable":true,"href":"https:\/\/mv-malschenberg.de\/index.php\/wp-json\/wp\/v2\/users\/1"}],"replies":[{"embeddable":true,"href":"https:\/\/mv-malschenberg.de\/index.php\/wp-json\/wp\/v2\/comments?post=6074"}],"version-history":[{"count":10,"href":"https:\/\/mv-malschenberg.de\/index.php\/wp-json\/wp\/v2\/posts\/6074\/revisions"}],"predecessor-version":[{"id":26491,"href":"https:\/\/mv-malschenberg.de\/index.php\/wp-json\/wp\/v2\/posts\/6074\/revisions\/26491"}],"wp:attachment":[{"href":"https:\/\/mv-malschenberg.de\/index.php\/wp-json\/wp\/v2\/media?parent=6074"}],"wp:term":[{"taxonomy":"category","embeddable":true,"href":"https:\/\/mv-malschenberg.de\/index.php\/wp-json\/wp\/v2\/categories?post=6074"},{"taxonomy":"post_tag","embeddable":true,"href":"https:\/\/mv-malschenberg.de\/index.php\/wp-json\/wp\/v2\/tags?post=6074"}],"curies":[{"name":"wp","href":"https:\/\/api.w.org\/{rel}","templated":true}]}}