{"id":590,"date":"2022-08-01T07:11:41","date_gmt":"2022-08-01T07:11:41","guid":{"rendered":"https:\/\/web32941.greatnet-hosting.de\/?p=590"},"modified":"2026-03-25T07:23:51","modified_gmt":"2026-03-25T06:23:51","slug":"weizenbierfest-malsch-2022","status":"publish","type":"post","link":"https:\/\/mv-malschenberg.de\/index.php\/2022\/08\/01\/weizenbierfest-malsch-2022\/","title":{"rendered":"Weizenbierfest Malsch 2022"},"content":{"rendered":"<div class=\"et_d4_element et_pb_section et_pb_section_0  et_pb_css_mix_blend_mode et_section_regular et_block_section\" >\n\t\t\t\t\n\t\t\t\t\n\t\t\t\t\n\t\t\t\t\n\t\t\t\t\n\t\t\t\t\n\t\t\t\t<div class=\"et_d4_element et_pb_row et_pb_row_0  et_pb_css_mix_blend_mode et_block_row\">\n\t\t\t\t<div class=\"et_d4_element et_pb_column_4_4 et_pb_column et_pb_column_0  et_pb_css_mix_blend_mode et-last-child et_block_column\">\n\t\t\t\t\n\t\t\t\t\n\t\t\t\t\n\t\t\t\t\n\t\t\t\t<div class=\"et_pb_module et_d4_element et_pb_text et_pb_text_0  et_pb_text_align_left et_pb_bg_layout_light\">\n\t\t\t\t\n\t\t\t\t\n\t\t\t\t\n\t\t\t\t\n\t\t\t\t<div class=\"et_pb_text_inner\"><p>Zum letzten Auftritt vor der Sommerpause durften am 31.7.2022 unsere aktiven Musiker der Trachtenkapelle \u201eHarmonie\u201c\u00a0 Malschenberg bei unseren Musikfreunden in Malsch bei ihrem Weizenbierfest auf dem neuen Marktplatz aufspielen.<\/p>\n<p>Mit gewohnter flotter Blas - und Unterhaltungsmusik, die unter der bew\u00e4hrten Regie unseres Dirigenten Erich Merklinger dargeboten wurde. Bei einem herrlichen Sommer -Vormittag unterhielt man von 10:30 bis 12:45 Uhr die gut gelaunten Festbesucher.<\/p>\n<p>Bei der L\u00f6ffelpolka zeigte Erwin Knopf beim L\u00f6ffelsolo sein musikalisches Talent. Unser Gesangsduo Rainer und Erich sorgten zus\u00e4tzlich f\u00fcr Stimmung. So konnte \u00a0man sich erst nach zwei \u00a0Zugaben: mit dem ,,Trompetenecho\u201c und der ,,Slavonica\u201c Polka in die Sommerpause verabschieden.<\/p><\/div>\n\t\t\t<\/div>\n\t\t\t<\/div>\n\t\t\t\t\n\t\t\t\t\n\t\t\t\t\n\t\t\t\t\n\t\t\t<\/div>\n\t\t\t\t\n\t\t\t\t\n\t\t\t<\/div>\n","protected":false},"excerpt":{"rendered":"","protected":false},"author":1,"featured_media":0,"comment_status":"closed","ping_status":"closed","sticky":false,"template":"","format":"standard","meta":{"_et_pb_use_builder":"on","_et_pb_old_content":"","_et_gb_content_width":"","footnotes":""},"categories":[8],"tags":[],"class_list":["post-590","post","type-post","status-publish","format-standard","hentry","category-vereinsnachrichten-2022"],"_links":{"self":[{"href":"https:\/\/mv-malschenberg.de\/index.php\/wp-json\/wp\/v2\/posts\/590","targetHints":{"allow":["GET"]}}],"collection":[{"href":"https:\/\/mv-malschenberg.de\/index.php\/wp-json\/wp\/v2\/posts"}],"about":[{"href":"https:\/\/mv-malschenberg.de\/index.php\/wp-json\/wp\/v2\/types\/post"}],"author":[{"embeddable":true,"href":"https:\/\/mv-malschenberg.de\/index.php\/wp-json\/wp\/v2\/users\/1"}],"replies":[{"embeddable":true,"href":"https:\/\/mv-malschenberg.de\/index.php\/wp-json\/wp\/v2\/comments?post=590"}],"version-history":[{"count":8,"href":"https:\/\/mv-malschenberg.de\/index.php\/wp-json\/wp\/v2\/posts\/590\/revisions"}],"predecessor-version":[{"id":27673,"href":"https:\/\/mv-malschenberg.de\/index.php\/wp-json\/wp\/v2\/posts\/590\/revisions\/27673"}],"wp:attachment":[{"href":"https:\/\/mv-malschenberg.de\/index.php\/wp-json\/wp\/v2\/media?parent=590"}],"wp:term":[{"taxonomy":"category","embeddable":true,"href":"https:\/\/mv-malschenberg.de\/index.php\/wp-json\/wp\/v2\/categories?post=590"},{"taxonomy":"post_tag","embeddable":true,"href":"https:\/\/mv-malschenberg.de\/index.php\/wp-json\/wp\/v2\/tags?post=590"}],"curies":[{"name":"wp","href":"https:\/\/api.w.org\/{rel}","templated":true}]}}