{"id":569,"date":"2022-09-12T06:29:43","date_gmt":"2022-09-12T06:29:43","guid":{"rendered":"https:\/\/web32941.greatnet-hosting.de\/?p=569"},"modified":"2026-03-25T07:23:43","modified_gmt":"2026-03-25T06:23:43","slug":"eroeffnung-portugieserfest-2022","status":"publish","type":"post","link":"https:\/\/mv-malschenberg.de\/index.php\/2022\/09\/12\/eroeffnung-portugieserfest-2022\/","title":{"rendered":"Er\u00f6ffnung Portugieserfest 2022"},"content":{"rendered":"<div class=\"et_d4_element et_pb_section et_pb_section_0  et_pb_css_mix_blend_mode et_section_regular et_block_section\" >\n\t\t\t\t\n\t\t\t\t\n\t\t\t\t\n\t\t\t\t\n\t\t\t\t\n\t\t\t\t\n\t\t\t\t<div class=\"et_d4_element et_pb_row et_pb_row_0  et_pb_css_mix_blend_mode et_block_row\">\n\t\t\t\t<div class=\"et_d4_element et_pb_column_4_4 et_pb_column et_pb_column_0  et_pb_css_mix_blend_mode et-last-child et_block_column\">\n\t\t\t\t\n\t\t\t\t\n\t\t\t\t\n\t\t\t\t\n\t\t\t\t<div class=\"et_pb_module et_d4_element et_pb_text et_pb_text_0  et_pb_text_align_left et_pb_bg_layout_light\">\n\t\t\t\t\n\t\t\t\t\n\t\t\t\t\n\t\t\t\t\n\t\t\t\t<div class=\"et_pb_text_inner\"><p>Am Samstag, den10.9.2022 um 15:00 Uhr trafen sich unsere aktiven Musiker, um die noch amtierende Portugieserk\u00f6nigin Hannah Reichenbach I. von zu Hause abzuholen. Mit schwungvoller Marschmusik, angef\u00fchrt von unserem bew\u00e4hrten Dirigenten Erich Merklinger machte man sich auf den Weg. Hier wurden wir von der Portugieserk\u00f6nigin Hannah I. mit ihren Eltern, dem Helferteam, Freunden und Bekannten bereits erwartet. Nach der Begr\u00fc\u00dfung wurden wir herzlich von der Weinhoheit zu einem Umtrunk mit Imbiss eingeladen. Hierf\u00fcr herzlichen Dank.<\/p>\n<p>Hannah I. war bedingt durch die Corona \u2013 Pandemie die l\u00e4ngst amtierende Portugieserk\u00f6nigin seit Bestehen des Portugieserfestes. Bevor es zur zuk\u00fcnftigen Portugieserk\u00f6nigin ging, wurde noch die Slavonica \u2013 Polka zu Geh\u00f6r gebracht. Zusammen mit der noch amtierenden Portugieserk\u00f6nigin machte man sich nun auf den Weg zur neuen Portugieserk\u00f6nigin, die dieses Mal aus den Reihen der Anglerfreunde stammt. Es ist Anna \u2013 Lisa M\u00fcller.<\/p>\n<p>Hoch erfreut begr\u00fc\u00dfte uns die zuk\u00fcnftige Portugieserk\u00f6nigin Anna \u2013 Lisa mit ihren Angeh\u00f6rigen und Freunden und lud alle Anwesenden zu einem Umtrunk mit Imbiss ein, den man dankend annahm. Nach dem Stelldichein und einem kurzen St\u00e4ndchen machte man sich schlie\u00dflich mit Marschmusik und guter Laune trotz der unbest\u00e4ndigen Witterung auf den Weg zum Festplatz, um die Er\u00f6ffnung des Portugieserfestes, sowie die Proklamation der neuen Portugieserk\u00f6nigin Anna \u2013 Lisa mitzugestalten.<\/p>\n<p>Die Proklamation f\u00fchrte die amtierende Winzerk\u00f6nigin Anna \u2013 Lena Kretz und ihre Prinzessin Jennifer Menrath durch.<\/p>\n<p>Der Musikverein Trachtenkapelle \u201eHarmonie\u201c Malschenberg beteiligte sich ebenfalls mit einem Zelt und einem Bierstand am Portugieserdorf.\u00a0 Mit einem leckeren Sortiment an Speisen wurden die G\u00e4ste des \u00a0Musikvereins so richtig verw\u00f6hnt.<\/p><\/div>\n\t\t\t<\/div>\n\t\t\t<\/div>\n\t\t\t\t\n\t\t\t\t\n\t\t\t\t\n\t\t\t\t\n\t\t\t<\/div>\n\t\t\t\t\n\t\t\t\t\n\t\t\t<\/div>\n","protected":false},"excerpt":{"rendered":"","protected":false},"author":1,"featured_media":0,"comment_status":"closed","ping_status":"closed","sticky":false,"template":"","format":"standard","meta":{"_et_pb_use_builder":"on","_et_pb_old_content":"","_et_gb_content_width":"","footnotes":""},"categories":[8],"tags":[],"class_list":["post-569","post","type-post","status-publish","format-standard","hentry","category-vereinsnachrichten-2022"],"_links":{"self":[{"href":"https:\/\/mv-malschenberg.de\/index.php\/wp-json\/wp\/v2\/posts\/569","targetHints":{"allow":["GET"]}}],"collection":[{"href":"https:\/\/mv-malschenberg.de\/index.php\/wp-json\/wp\/v2\/posts"}],"about":[{"href":"https:\/\/mv-malschenberg.de\/index.php\/wp-json\/wp\/v2\/types\/post"}],"author":[{"embeddable":true,"href":"https:\/\/mv-malschenberg.de\/index.php\/wp-json\/wp\/v2\/users\/1"}],"replies":[{"embeddable":true,"href":"https:\/\/mv-malschenberg.de\/index.php\/wp-json\/wp\/v2\/comments?post=569"}],"version-history":[{"count":8,"href":"https:\/\/mv-malschenberg.de\/index.php\/wp-json\/wp\/v2\/posts\/569\/revisions"}],"predecessor-version":[{"id":27668,"href":"https:\/\/mv-malschenberg.de\/index.php\/wp-json\/wp\/v2\/posts\/569\/revisions\/27668"}],"wp:attachment":[{"href":"https:\/\/mv-malschenberg.de\/index.php\/wp-json\/wp\/v2\/media?parent=569"}],"wp:term":[{"taxonomy":"category","embeddable":true,"href":"https:\/\/mv-malschenberg.de\/index.php\/wp-json\/wp\/v2\/categories?post=569"},{"taxonomy":"post_tag","embeddable":true,"href":"https:\/\/mv-malschenberg.de\/index.php\/wp-json\/wp\/v2\/tags?post=569"}],"curies":[{"name":"wp","href":"https:\/\/api.w.org\/{rel}","templated":true}]}}