{"id":556,"date":"2022-10-10T06:43:54","date_gmt":"2022-10-10T06:43:54","guid":{"rendered":"https:\/\/web32941.greatnet-hosting.de\/?p=556"},"modified":"2026-03-25T07:23:33","modified_gmt":"2026-03-25T06:23:33","slug":"kerwe-umzug-in-rauenberg-2022","status":"publish","type":"post","link":"https:\/\/mv-malschenberg.de\/index.php\/2022\/10\/10\/kerwe-umzug-in-rauenberg-2022\/","title":{"rendered":"Kerwe &#8211; Umzug in Rauenberg 2022"},"content":{"rendered":"<div class=\"et_d4_element et_pb_section et_pb_section_0  et_pb_css_mix_blend_mode et_section_regular et_block_section\" >\n\t\t\t\t\n\t\t\t\t\n\t\t\t\t\n\t\t\t\t\n\t\t\t\t\n\t\t\t\t\n\t\t\t\t<div class=\"et_d4_element et_pb_row et_pb_row_0  et_pb_css_mix_blend_mode et_block_row\">\n\t\t\t\t<div class=\"et_d4_element et_pb_column_4_4 et_pb_column et_pb_column_0  et_pb_css_mix_blend_mode et-last-child et_block_column\">\n\t\t\t\t\n\t\t\t\t\n\t\t\t\t\n\t\t\t\t\n\t\t\t\t<div class=\"et_pb_module et_d4_element et_pb_text et_pb_text_0  et_pb_text_align_left et_pb_bg_layout_light\">\n\t\t\t\t\n\t\t\t\t\n\t\t\t\t\n\t\t\t\t\n\t\t\t\t<div class=\"et_pb_text_inner\"><p><span>Traditionsgem\u00e4\u00df trafen sich die aktiven Musiker der Trachtenkapelle ,,Harmonie\u201c Malschenberg wieder am Rauenberger Kerwe - Sonntag, den 09.10.2022 in der Dielheimer Stra\u00dfe Nr. 37 zu einem Umtrunk, um sich auf den bevorstehenden Kerwe - Umzug einzustimmen. Daf\u00fcr vielen Dank. <\/span><\/p>\n<p><span>Um 14:00 Uhr startete schlie\u00dflich der Umzug. Das goldene Oktober \u2013 Wetter versprach alles, was man sich zu einem Umzug w\u00fcnschen kann. So unterhielt die Trachtenkapelle ,,Harmonie\u201c Malschenberg die zahlreichen Festzugbesucher, die die Stra\u00dfen von Rauenberg dicht gedr\u00e4ngt s\u00e4umten, mit gewohnter flotter Marschmusik. Angef\u00fchrt durch unseren bew\u00e4hrten Dirigenten Erich Merklinger. Die Zuschauer dankten es mit viel Applaus. Zugleich k\u00fcndigten die Musiker die Malschenberger Portugieserk\u00f6nigin Anna \u2013 Lisa an, die gleich nach der Trachtenkapelle im schicken Cabrio und in Begleitung des Ortsvorstehers von Malschenberg, Ludwig Sch\u00e4ffner schaufiert wurde. <\/span><\/p>\n<p><span>Eine sch\u00f6ne Geste und viel Freude bereitete die Trachtenkapelle \u201eHarmonie\u201c Malschenberg den Heimbewohnern des Altenheims Melchior. Als man auf H\u00f6he des Melchior Haus war, schwenkte die Kapelle in Richtung der Heimbewohner, die sich vor dem Geb\u00e4ude aufhielten und spielte, sehr zu deren Freude das \u201eDas Trompeten Echo.\u201c<\/span><\/p><\/div>\n\t\t\t<\/div>\n\t\t\t<\/div>\n\t\t\t\t\n\t\t\t\t\n\t\t\t\t\n\t\t\t\t\n\t\t\t<\/div>\n\t\t\t\t\n\t\t\t\t\n\t\t\t<\/div>\n","protected":false},"excerpt":{"rendered":"","protected":false},"author":1,"featured_media":0,"comment_status":"closed","ping_status":"closed","sticky":false,"template":"","format":"standard","meta":{"_et_pb_use_builder":"on","_et_pb_old_content":"","_et_gb_content_width":"","footnotes":""},"categories":[8],"tags":[],"class_list":["post-556","post","type-post","status-publish","format-standard","hentry","category-vereinsnachrichten-2022"],"_links":{"self":[{"href":"https:\/\/mv-malschenberg.de\/index.php\/wp-json\/wp\/v2\/posts\/556","targetHints":{"allow":["GET"]}}],"collection":[{"href":"https:\/\/mv-malschenberg.de\/index.php\/wp-json\/wp\/v2\/posts"}],"about":[{"href":"https:\/\/mv-malschenberg.de\/index.php\/wp-json\/wp\/v2\/types\/post"}],"author":[{"embeddable":true,"href":"https:\/\/mv-malschenberg.de\/index.php\/wp-json\/wp\/v2\/users\/1"}],"replies":[{"embeddable":true,"href":"https:\/\/mv-malschenberg.de\/index.php\/wp-json\/wp\/v2\/comments?post=556"}],"version-history":[{"count":8,"href":"https:\/\/mv-malschenberg.de\/index.php\/wp-json\/wp\/v2\/posts\/556\/revisions"}],"predecessor-version":[{"id":27664,"href":"https:\/\/mv-malschenberg.de\/index.php\/wp-json\/wp\/v2\/posts\/556\/revisions\/27664"}],"wp:attachment":[{"href":"https:\/\/mv-malschenberg.de\/index.php\/wp-json\/wp\/v2\/media?parent=556"}],"wp:term":[{"taxonomy":"category","embeddable":true,"href":"https:\/\/mv-malschenberg.de\/index.php\/wp-json\/wp\/v2\/categories?post=556"},{"taxonomy":"post_tag","embeddable":true,"href":"https:\/\/mv-malschenberg.de\/index.php\/wp-json\/wp\/v2\/tags?post=556"}],"curies":[{"name":"wp","href":"https:\/\/api.w.org\/{rel}","templated":true}]}}