{"id":5275,"date":"2011-12-04T09:15:23","date_gmt":"2011-12-04T09:15:23","guid":{"rendered":"https:\/\/web32941.greatnet-hosting.de\/?p=5275"},"modified":"2026-03-25T06:40:32","modified_gmt":"2026-03-25T05:40:32","slug":"geburtstagskind-roessler-willi","status":"publish","type":"post","link":"https:\/\/mv-malschenberg.de\/index.php\/2011\/12\/04\/geburtstagskind-roessler-willi\/","title":{"rendered":"Geburtstagskind R\u00f6ssler Willi"},"content":{"rendered":"\n<div class=\"et_pb_section_0 et_pb_section et_section_regular et_block_section\"><div class=\"et_pb_row_0 et_pb_row et_block_row\"><div class=\"et_pb_column_0 et_pb_column et_pb_column_4_4 et-last-child et_block_column et_pb_css_mix_blend_mode_passthrough\"><div class=\"et_pb_text_0 et_pb_text et_pb_bg_layout_light et_pb_module et_block_module\"><div class=\"et_pb_text_inner\"><p style=\"color: #555555; font-family: Verdana, Helvetica, sans-serif; font-size: 13px; font-style: normal; font-variant-ligatures: normal; font-variant-caps: normal; font-weight: 400; letter-spacing: normal; orphans: 2; text-align: left; text-indent: 0px; text-transform: none; widows: 2; word-spacing: 0px; -webkit-text-stroke-width: 0px; white-space: normal; background-color: #ffffff; text-decoration-thickness: initial; text-decoration-style: initial; text-decoration-color: initial;\"><span style=\"font-size: 12px;\"><span style=\"font-family: Verdana;\">\u00a0<span>\u00a0<\/span><span style=\"font-size: 14px;\"><strong>A<\/strong><\/span>m Samstag, dem 3. Dezember 2011 durfte unser Ehrenmitglied und seit \u00fcber 54 Jahren aktiver Musiker Herrn Willi R\u00f6ssler sein 65. Wiegenfest begehen. F\u00fcr die Aktiven war dies eine Selbstverst\u00e4ndlichkeit unserem Musikkamerad Willi mit einem musikalischen St\u00e4ndchen zu gratulieren. Zweiter Vorsitzender Rainer Gerner \u00fcberreichte ein Pr\u00e4sent der Trachtenkapelle verbunden mit den herzlichsten Gl\u00fcckw\u00fcnschen. Unser Willi war sichtlich erfreut \u00fcber den Besuch sowie die Aufmerksamkeit und lud anschlie\u00dfend alle zum Umtrunk und Imbiss ein.<\/span><\/span><\/p>\n<p style=\"color: #555555; font-family: Verdana, Helvetica, sans-serif; font-size: 13px; font-style: normal; font-variant-ligatures: normal; font-variant-caps: normal; font-weight: 400; letter-spacing: normal; orphans: 2; text-align: left; text-indent: 0px; text-transform: none; widows: 2; word-spacing: 0px; -webkit-text-stroke-width: 0px; white-space: normal; background-color: #ffffff; text-decoration-thickness: initial; text-decoration-style: initial; text-decoration-color: initial;\"><span style=\"font-size: 12px;\"><span style=\"font-family: Verdana;\">Der Musikverein Trachtenkapelle Harmonie Malschenberg sowie die Aktiven Musiker w\u00fcnschen dir lieber Willi f\u00fcr deinen weiteren Lebensweg alles erdenklich Gute bei bester Gesundheit und dass du uns noch lange beim Musizieren unterst\u00fctzt. F\u00fcr die hervorragende Bewirtung, den Umtrunk und die \u00fcberaus gro\u00dfz\u00fcgige Vereinsspende ein herzliches Dankesch\u00f6n.<\/span><\/span><\/p>\n<\/div><\/div><\/div><\/div><\/div>\n","protected":false},"excerpt":{"rendered":"","protected":false},"author":1,"featured_media":0,"comment_status":"closed","ping_status":"closed","sticky":false,"template":"","format":"standard","meta":{"footnotes":""},"categories":[49],"tags":[],"class_list":["post-5275","post","type-post","status-publish","format-standard","hentry","category-vereinsnachrichten-2011"],"_links":{"self":[{"href":"https:\/\/mv-malschenberg.de\/index.php\/wp-json\/wp\/v2\/posts\/5275","targetHints":{"allow":["GET"]}}],"collection":[{"href":"https:\/\/mv-malschenberg.de\/index.php\/wp-json\/wp\/v2\/posts"}],"about":[{"href":"https:\/\/mv-malschenberg.de\/index.php\/wp-json\/wp\/v2\/types\/post"}],"author":[{"embeddable":true,"href":"https:\/\/mv-malschenberg.de\/index.php\/wp-json\/wp\/v2\/users\/1"}],"replies":[{"embeddable":true,"href":"https:\/\/mv-malschenberg.de\/index.php\/wp-json\/wp\/v2\/comments?post=5275"}],"version-history":[{"count":10,"href":"https:\/\/mv-malschenberg.de\/index.php\/wp-json\/wp\/v2\/posts\/5275\/revisions"}],"predecessor-version":[{"id":26689,"href":"https:\/\/mv-malschenberg.de\/index.php\/wp-json\/wp\/v2\/posts\/5275\/revisions\/26689"}],"wp:attachment":[{"href":"https:\/\/mv-malschenberg.de\/index.php\/wp-json\/wp\/v2\/media?parent=5275"}],"wp:term":[{"taxonomy":"category","embeddable":true,"href":"https:\/\/mv-malschenberg.de\/index.php\/wp-json\/wp\/v2\/categories?post=5275"},{"taxonomy":"post_tag","embeddable":true,"href":"https:\/\/mv-malschenberg.de\/index.php\/wp-json\/wp\/v2\/tags?post=5275"}],"curies":[{"name":"wp","href":"https:\/\/api.w.org\/{rel}","templated":true}]}}