{"id":5226,"date":"2012-01-22T08:54:27","date_gmt":"2012-01-22T08:54:27","guid":{"rendered":"https:\/\/web32941.greatnet-hosting.de\/?p=5226"},"modified":"2026-03-25T06:40:54","modified_gmt":"2026-03-25T05:40:54","slug":"geburtstagskind-stein-rudi","status":"publish","type":"post","link":"https:\/\/mv-malschenberg.de\/index.php\/2012\/01\/22\/geburtstagskind-stein-rudi\/","title":{"rendered":"Geburtstagskind Stein Rudi"},"content":{"rendered":"\n<div class=\"et_pb_section_0 et_pb_section et_section_regular et_block_section\"><div class=\"et_pb_row_0 et_pb_row et_block_row\"><div class=\"et_pb_column_0 et_pb_column et_pb_column_4_4 et-last-child et_block_column et_pb_css_mix_blend_mode_passthrough\"><div class=\"et_pb_text_0 et_pb_text et_pb_bg_layout_light et_pb_module et_block_module\"><div class=\"et_pb_text_inner\"><p><span style=\"color: #555555; font-family: Verdana; font-size: 12px; font-style: normal; font-variant-ligatures: normal; font-variant-caps: normal; font-weight: 400; letter-spacing: normal; orphans: 2; text-align: left; text-indent: 0px; text-transform: none; widows: 2; word-spacing: 0px; -webkit-text-stroke-width: 0px; white-space: normal; background-color: #ffffff; text-decoration-thickness: initial; text-decoration-style: initial; text-decoration-color: initial; display: inline !important; float: none;\">\u00a0<span>\u00a0<\/span><\/span><span style=\"color: #555555; font-family: Verdana; font-style: normal; font-variant-ligatures: normal; font-variant-caps: normal; font-weight: 400; letter-spacing: normal; orphans: 2; text-align: left; text-indent: 0px; text-transform: none; widows: 2; word-spacing: 0px; -webkit-text-stroke-width: 0px; white-space: normal; background-color: #ffffff; text-decoration-thickness: initial; text-decoration-style: initial; text-decoration-color: initial; font-size: 14px;\"><strong>A<\/strong><\/span><span style=\"color: #555555; font-family: Verdana; font-size: 12px; font-style: normal; font-variant-ligatures: normal; font-variant-caps: normal; font-weight: 400; letter-spacing: normal; orphans: 2; text-align: left; text-indent: 0px; text-transform: none; widows: 2; word-spacing: 0px; -webkit-text-stroke-width: 0px; white-space: normal; background-color: #ffffff; text-decoration-thickness: initial; text-decoration-style: initial; text-decoration-color: initial; display: inline !important; float: none;\">m Donnerstag, dem 19. Januar 2012 durfte unser langj\u00e4hriges und f\u00f6rderndes Mitglied Herrn Rudi Stein sein 65. Wiegenfest begehen. F\u00fcr die Aktiven war dies eine Selbstverst\u00e4ndlichkeit, folgte der Einladung und gratulierte mit einem musikalischen St\u00e4ndchen. Erster Vorsitzender R\u00fcdiger Knopf \u00fcberreichte ein Pr\u00e4sent der Trachtenkapelle verbunden mit den herzlichsten Gl\u00fcckw\u00fcnschen. Herr Stein war sehr erfreut \u00fcber den Besuch sowie die Aufmerksamkeit, bedankte sich mit einer Spende und lud Alle zum Umtrunk und Imbiss ein.<\/span><br style=\"color: #555555; font-family: Verdana; font-size: 12px; font-style: normal; font-variant-ligatures: normal; font-variant-caps: normal; font-weight: 400; letter-spacing: normal; orphans: 2; text-align: left; text-indent: 0px; text-transform: none; widows: 2; word-spacing: 0px; -webkit-text-stroke-width: 0px; white-space: normal; background-color: #ffffff; text-decoration-thickness: initial; text-decoration-style: initial; text-decoration-color: initial;\" \/><span style=\"color: #555555; font-family: Verdana; font-size: 12px; font-style: normal; font-variant-ligatures: normal; font-variant-caps: normal; font-weight: 400; letter-spacing: normal; orphans: 2; text-align: left; text-indent: 0px; text-transform: none; widows: 2; word-spacing: 0px; -webkit-text-stroke-width: 0px; white-space: normal; background-color: #ffffff; text-decoration-thickness: initial; text-decoration-style: initial; text-decoration-color: initial; display: inline !important; float: none;\">Der Musikverein Trachtenkapelle Harmonie Malschenberg sowie die Aktiven Musiker w\u00fcnschen Herrn Stein f\u00fcr seinen weiteren Lebensweg alles erdenklich Gute bei bester Gesundheit. Ein herzliches Dankesch\u00f6n f\u00fcr die gesellige Bewirtung und die erbrachte Vereinsspende.<\/span><\/p>\n<\/div><\/div><\/div><\/div><\/div>\n","protected":false},"excerpt":{"rendered":"","protected":false},"author":1,"featured_media":0,"comment_status":"closed","ping_status":"closed","sticky":false,"template":"","format":"standard","meta":{"footnotes":""},"categories":[48],"tags":[],"class_list":["post-5226","post","type-post","status-publish","format-standard","hentry","category-vereinsnachrichten-2012"],"_links":{"self":[{"href":"https:\/\/mv-malschenberg.de\/index.php\/wp-json\/wp\/v2\/posts\/5226","targetHints":{"allow":["GET"]}}],"collection":[{"href":"https:\/\/mv-malschenberg.de\/index.php\/wp-json\/wp\/v2\/posts"}],"about":[{"href":"https:\/\/mv-malschenberg.de\/index.php\/wp-json\/wp\/v2\/types\/post"}],"author":[{"embeddable":true,"href":"https:\/\/mv-malschenberg.de\/index.php\/wp-json\/wp\/v2\/users\/1"}],"replies":[{"embeddable":true,"href":"https:\/\/mv-malschenberg.de\/index.php\/wp-json\/wp\/v2\/comments?post=5226"}],"version-history":[{"count":10,"href":"https:\/\/mv-malschenberg.de\/index.php\/wp-json\/wp\/v2\/posts\/5226\/revisions"}],"predecessor-version":[{"id":26699,"href":"https:\/\/mv-malschenberg.de\/index.php\/wp-json\/wp\/v2\/posts\/5226\/revisions\/26699"}],"wp:attachment":[{"href":"https:\/\/mv-malschenberg.de\/index.php\/wp-json\/wp\/v2\/media?parent=5226"}],"wp:term":[{"taxonomy":"category","embeddable":true,"href":"https:\/\/mv-malschenberg.de\/index.php\/wp-json\/wp\/v2\/categories?post=5226"},{"taxonomy":"post_tag","embeddable":true,"href":"https:\/\/mv-malschenberg.de\/index.php\/wp-json\/wp\/v2\/tags?post=5226"}],"curies":[{"name":"wp","href":"https:\/\/api.w.org\/{rel}","templated":true}]}}