{"id":5118,"date":"2012-07-29T08:19:40","date_gmt":"2012-07-29T08:19:40","guid":{"rendered":"https:\/\/web32941.greatnet-hosting.de\/?p=5118"},"modified":"2026-03-25T06:41:57","modified_gmt":"2026-03-25T05:41:57","slug":"musikerfamilie-auf-fahrt-in-den-schwarzwald","status":"publish","type":"post","link":"https:\/\/mv-malschenberg.de\/index.php\/2012\/07\/29\/musikerfamilie-auf-fahrt-in-den-schwarzwald\/","title":{"rendered":"Musikerfamilie auf Fahrt in den Schwarzwald"},"content":{"rendered":"\n<div class=\"et_pb_section_0 et_pb_section et_section_regular et_block_section\"><div class=\"et_pb_row_0 et_pb_row et_block_row\"><div class=\"et_pb_column_0 et_pb_column et_pb_column_4_4 et-last-child et_block_column et_pb_css_mix_blend_mode_passthrough\"><div class=\"et_pb_text_0 et_pb_text et_pb_bg_layout_light et_pb_module et_block_module\"><div class=\"et_pb_text_inner\"><p style=\"color: #555555; font-family: Verdana, Helvetica, sans-serif; font-size: 13px; font-style: normal; font-variant-ligatures: normal; font-variant-caps: normal; font-weight: 400; letter-spacing: normal; orphans: 2; text-align: left; text-indent: 0px; text-transform: none; widows: 2; word-spacing: 0px; -webkit-text-stroke-width: 0px; white-space: normal; background-color: #ffffff; text-decoration-thickness: initial; text-decoration-style: initial; text-decoration-color: initial;\"><span style=\"font-size: 12px;\"><span style=\"font-family: Verdana;\">\u00a0<span>\u00a0<\/span><span style=\"font-size: 14px;\"><strong>A<\/strong><\/span>m Samstag, dem 21. Juli 2012 starteten die aktiven und passiven Mitglieder der Trachtenkapelle sowie der Ortschaftsrat aus Malschenberg in den Schwarzwald nach Lauterbach.<\/span><\/span><\/p>\n<p style=\"color: #555555; font-family: Verdana, Helvetica, sans-serif; font-size: 13px; font-style: normal; font-variant-ligatures: normal; font-variant-caps: normal; font-weight: 400; letter-spacing: normal; orphans: 2; text-align: left; text-indent: 0px; text-transform: none; widows: 2; word-spacing: 0px; -webkit-text-stroke-width: 0px; white-space: normal; background-color: #ffffff; text-decoration-thickness: initial; text-decoration-style: initial; text-decoration-color: initial;\"><span style=\"font-size: 12px;\"><span style=\"font-family: Verdana;\">P\u00fcnktlich um 13.00 Uhr begann die Reise mit dem Busunternehmen Hassis, der bis auf den letzten Platz ausgebucht war, in die Heimatgemeinde unseres B\u00fcrgermeisters Frank Broghammer, um dort das Sommerfest des Musikverein \u201eEintracht Lauterbach\u201c musikalisch zu unterst\u00fctzen. Nach einem kurzen Zwischenstopp, bei herrlichem Wetter und einer idyllischen Fahrt durch den Schwarzwald; auf der unser Fahrer Harald sein K\u00f6nnen unter Beweis stellte, fuhren wir gegen 16.00 Uhr in Lauterbach ein. Kurzer Hand wurde die Lage inspiziert und das Einchecken ins Hotel Waldhorn und dem Ferienhaus Fehrenbacher war reine Formsache, denn das Fest begann um 18.00 Uhr auf dem Schulhof in einem herrlich, eingerichtetem Festzelt. Der Weg dahin wurde eine nasse Angelegenheit, denn der Himmel \u00f6ffnete pl\u00f6tzlich seine Pforten. Zwar \u00a0ein bisschen durch gen\u00e4sst aber trotzdem guter Laune und einer kurzen Begr\u00fc\u00dfung im Zelt, st\u00e4rkten wir uns mit leckerem Essen, bevor es ab 20.00 Uhr hie\u00df \u201eDie Trachtenkapelle Harmonie e. V. Malschenberg spielt auf\u201c!<\/span><\/span><\/p>\n<p style=\"color: #555555; font-family: Verdana, Helvetica, sans-serif; font-size: 13px; font-style: normal; font-variant-ligatures: normal; font-variant-caps: normal; font-weight: 400; letter-spacing: normal; orphans: 2; text-align: left; text-indent: 0px; text-transform: none; widows: 2; word-spacing: 0px; -webkit-text-stroke-width: 0px; white-space: normal; background-color: #ffffff; text-decoration-thickness: initial; text-decoration-style: initial; text-decoration-color: initial;\">\n<\/div><\/div><div class=\"et_pb_image_0 et_pb_image et_pb_module et_block_module\"><span class=\"et_pb_image_wrap\"><img loading=\"lazy\" decoding=\"async\" src=\"https:\/\/mv-malschenberg.de\/wp-content\/uploads\/2023\/11\/P1040938-scaled.jpg\" width=\"2560\" height=\"1920\" srcset=\"https:\/\/mv-malschenberg.de\/wp-content\/uploads\/2023\/11\/P1040938-scaled.jpg 2560w, https:\/\/mv-malschenberg.de\/wp-content\/uploads\/2023\/11\/P1040938-1280x960.jpg 1280w, https:\/\/mv-malschenberg.de\/wp-content\/uploads\/2023\/11\/P1040938-980x735.jpg 980w, https:\/\/mv-malschenberg.de\/wp-content\/uploads\/2023\/11\/P1040938-480x360.jpg 480w\" sizes=\"(min-width: 0px) and (max-width: 480px) 480px, (min-width: 481px) and (max-width: 980px) 980px, (min-width: 981px) and (max-width: 1280px) 1280px, (min-width: 1281px) 2560px, 100vw\" class=\"wp-image-11328\" title=\"P1040938\" \/><\/span><\/div><div class=\"et_pb_text_1 et_pb_text et_pb_bg_layout_light et_pb_module et_block_module\"><div class=\"et_pb_text_inner\"><p style=\"color: #555555; font-family: Verdana, Helvetica, sans-serif; font-size: 13px; font-style: normal; font-variant-ligatures: normal; font-variant-caps: normal; font-weight: 400; letter-spacing: normal; orphans: 2; text-align: left; text-indent: 0px; text-transform: none; widows: 2; word-spacing: 0px; -webkit-text-stroke-width: 0px; white-space: normal; background-color: #ffffff; text-decoration-thickness: initial; text-decoration-style: initial; text-decoration-color: initial;\"><span style=\"font-size: 12px;\"><span style=\"font-family: Verdana;\">Die Auswahl der Musikst\u00fccke unseres Dirigenten Erich Merklinger viel nicht schwer, denn die anwesende G\u00e4ste waren voller Begeisterung mit dabei. Unser S\u00e4ngerduo Erich und R\u00fcdiger umrahmten mit einigen Einlagen den Abend und luden zum Mitsingen und Schunkeln ein. Nach mehreren Zugaben durch das aufgeheizte Publikum durften wir nach dem Finale Trompetenecho die B\u00fchne um 22.00 Uhr verlassen. Fr\u00f6hlich und bester Stimmung feierte man nach dem \u00fcberaus gegl\u00fcckten Auftritt mit den Musikanten aus Lauterbach. Die im Anschluss spritzige Blasmusik und der dann ge\u00f6ffnete Barbetrieb sorgten f\u00fcr weitere ausgelassene Partystimmung!<\/span><\/span><\/p>\n<p style=\"color: #555555; font-family: Verdana, Helvetica, sans-serif; font-size: 13px; font-style: normal; font-variant-ligatures: normal; font-variant-caps: normal; font-weight: 400; letter-spacing: normal; orphans: 2; text-align: left; text-indent: 0px; text-transform: none; widows: 2; word-spacing: 0px; -webkit-text-stroke-width: 0px; white-space: normal; background-color: #ffffff; text-decoration-thickness: initial; text-decoration-style: initial; text-decoration-color: initial;\"><span style=\"font-size: 12px;\"><span style=\"font-family: Verdana;\">Am n\u00e4chsten Morgen nach einem deftigen Fr\u00fchst\u00fcck machte man sich gegen 11.00 Uhr auf den Weg in Richtung Festzelt um dort beim Fr\u00fchschoppen; der schwungvoll durch eine Nachbarkapelle aus Lauterbach begleitet wurde; dabei zu sein. Nach einer mitt\u00e4glichen St\u00e4rkung verabschiedeten wir uns von der \u201eEintracht Lauterbach\u201c und bedankten uns f\u00fcr den wundersch\u00f6nen Aufenthalt und die herzliche Gastfreundschaft in Lauterbach. Kurzer Hand wurde noch ein Zwischenstopp im naheliegenden Hornberg beim \u201eHornberger Stadtfest - Schie\u00dfen &amp; Genie\u00dfen 2012\u201c eingeplant, bei dem f\u00fcr jeden Geschmack mit den angebotenen Attraktionen etwas dabei war. Gegen 16.00 Uhr brach das Musikertross in Richtung Heimat auf. Bei herrlichem Wetter und einer lustigen Heimreise landeten wir wieder gegen 19.00 Uhr in Malschenberg.<\/span><\/span><\/p>\n<p style=\"color: #555555; font-family: Verdana, Helvetica, sans-serif; font-size: 13px; font-style: normal; font-variant-ligatures: normal; font-variant-caps: normal; font-weight: 400; letter-spacing: normal; orphans: 2; text-align: left; text-indent: 0px; text-transform: none; widows: 2; word-spacing: 0px; -webkit-text-stroke-width: 0px; white-space: normal; background-color: #ffffff; text-decoration-thickness: initial; text-decoration-style: initial; text-decoration-color: initial;\"><span style=\"font-size: 12px;\"><span style=\"font-family: Verdana;\">Zum Schluss bleibt zu sagen, dies war ein besonders gelungener Auftritt, ein wundersch\u00f6ner Aufenthalt und eine abenteuerliche Busreise mit einer sensationellen Gesellschaft. Ein herzliches Dankesch\u00f6n an die Ortschaftsr\u00e4te mit Partnerinnen f\u00fcr die Unterst\u00fctzung. Bedanken m\u00f6chten wir uns auch bei unserem Busfahrer \u201eHarald\u201c und seiner Partnerin, die jederzeit alles im Griff hatten besonders aber auch all Denen, die die Organisation und Planung f\u00fcr diese Reise unter sich hatten.<\/span><\/span><\/p>\n<p style=\"color: #555555; font-family: Verdana, Helvetica, sans-serif; font-size: 13px; font-style: normal; font-variant-ligatures: normal; font-variant-caps: normal; font-weight: 400; letter-spacing: normal; orphans: 2; text-align: left; text-indent: 0px; text-transform: none; widows: 2; word-spacing: 0px; -webkit-text-stroke-width: 0px; white-space: normal; background-color: #ffffff; text-decoration-thickness: initial; text-decoration-style: initial; text-decoration-color: initial;\"><span style=\"font-size: 12px;\"><span style=\"font-family: Verdana;\">Weitere Bilder finden Sie auf unserer Homepage:<\/span><\/span><span style=\"text-decoration: underline;\"><a href=\"http:\/\/www.mv-malschenberg.de\/\" target=\"_blank\" style=\"outline: none; text-decoration: none; color: #333333;\" rel=\"noopener\"><span style=\"font-size: 12px;\"><span style=\"font-family: Verdana;\">www.mv-malschenberg.de<\/span><\/span><\/a><\/span><\/p>\n<\/div><\/div><\/div><\/div><\/div>\n","protected":false},"excerpt":{"rendered":"","protected":false},"author":1,"featured_media":0,"comment_status":"closed","ping_status":"closed","sticky":false,"template":"","format":"standard","meta":{"footnotes":""},"categories":[48],"tags":[],"class_list":["post-5118","post","type-post","status-publish","format-standard","hentry","category-vereinsnachrichten-2012"],"_links":{"self":[{"href":"https:\/\/mv-malschenberg.de\/index.php\/wp-json\/wp\/v2\/posts\/5118","targetHints":{"allow":["GET"]}}],"collection":[{"href":"https:\/\/mv-malschenberg.de\/index.php\/wp-json\/wp\/v2\/posts"}],"about":[{"href":"https:\/\/mv-malschenberg.de\/index.php\/wp-json\/wp\/v2\/types\/post"}],"author":[{"embeddable":true,"href":"https:\/\/mv-malschenberg.de\/index.php\/wp-json\/wp\/v2\/users\/1"}],"replies":[{"embeddable":true,"href":"https:\/\/mv-malschenberg.de\/index.php\/wp-json\/wp\/v2\/comments?post=5118"}],"version-history":[{"count":10,"href":"https:\/\/mv-malschenberg.de\/index.php\/wp-json\/wp\/v2\/posts\/5118\/revisions"}],"predecessor-version":[{"id":26728,"href":"https:\/\/mv-malschenberg.de\/index.php\/wp-json\/wp\/v2\/posts\/5118\/revisions\/26728"}],"wp:attachment":[{"href":"https:\/\/mv-malschenberg.de\/index.php\/wp-json\/wp\/v2\/media?parent=5118"}],"wp:term":[{"taxonomy":"category","embeddable":true,"href":"https:\/\/mv-malschenberg.de\/index.php\/wp-json\/wp\/v2\/categories?post=5118"},{"taxonomy":"post_tag","embeddable":true,"href":"https:\/\/mv-malschenberg.de\/index.php\/wp-json\/wp\/v2\/tags?post=5118"}],"curies":[{"name":"wp","href":"https:\/\/api.w.org\/{rel}","templated":true}]}}