{"id":5094,"date":"2012-09-14T08:12:59","date_gmt":"2012-09-14T08:12:59","guid":{"rendered":"https:\/\/web32941.greatnet-hosting.de\/?p=5094"},"modified":"2026-03-25T06:42:03","modified_gmt":"2026-03-25T05:42:03","slug":"hoffest-weingut-ihle-2012","status":"publish","type":"post","link":"https:\/\/mv-malschenberg.de\/index.php\/2012\/09\/14\/hoffest-weingut-ihle-2012\/","title":{"rendered":"Hoffest Weingut Ihle 2012"},"content":{"rendered":"\n<div class=\"et_pb_section_0 et_pb_section et_section_regular et_block_section\"><div class=\"et_pb_row_0 et_pb_row et_block_row\"><div class=\"et_pb_column_0 et_pb_column et_pb_column_4_4 et-last-child et_block_column et_pb_css_mix_blend_mode_passthrough\"><div class=\"et_pb_text_0 et_pb_text et_pb_bg_layout_light et_pb_module et_block_module\"><div class=\"et_pb_text_inner\"><p><span style=\"color: #555555; font-family: Verdana; font-size: 12px; font-style: normal; font-variant-ligatures: normal; font-variant-caps: normal; font-weight: 400; letter-spacing: normal; orphans: 2; text-align: left; text-indent: 0px; text-transform: none; widows: 2; word-spacing: 0px; -webkit-text-stroke-width: 0px; white-space: normal; background-color: #ffffff; text-decoration-thickness: initial; text-decoration-style: initial; text-decoration-color: initial; display: inline !important; float: none;\">\u00a0<span>\u00a0<\/span><\/span><span style=\"color: #555555; font-family: Verdana; font-style: normal; font-variant-ligatures: normal; font-variant-caps: normal; font-weight: 400; letter-spacing: normal; orphans: 2; text-align: left; text-indent: 0px; text-transform: none; widows: 2; word-spacing: 0px; -webkit-text-stroke-width: 0px; white-space: normal; background-color: #ffffff; text-decoration-thickness: initial; text-decoration-style: initial; text-decoration-color: initial; font-size: 14px;\"><strong>N<\/strong><\/span><span style=\"color: #555555; font-family: Verdana; font-size: 12px; font-style: normal; font-variant-ligatures: normal; font-variant-caps: normal; font-weight: 400; letter-spacing: normal; orphans: 2; text-align: left; text-indent: 0px; text-transform: none; widows: 2; word-spacing: 0px; -webkit-text-stroke-width: 0px; white-space: normal; background-color: #ffffff; text-decoration-thickness: initial; text-decoration-style: initial; text-decoration-color: initial; display: inline !important; float: none;\">icht nur das Portugieserfest war f\u00fcr die aktive Mannschaft zu bew\u00e4ltigen, sondern auch das schon zur Tradition gewordene Hoffest auf dem Weingut Ihle. Am Sonntagmorgen von 11.00 - 13.00 Uhr unterhielt die Trachtenkapelle die Besucher mit z\u00fcnftiger Blasmusik unter der Leitung des Dirigenten Erich Merklinger. Unser S\u00e4nger R\u00fcdiger war nat\u00fcrlich auch mit von der Partie. Noch rechtzeitig vor dem\u00a0 Portugieserfestumzug st\u00e4rkten sich die Aktiven mit einem k\u00f6stlichen Mittagessen. Dazu nochmals Herzlichen Dank an Familie Ihle!<\/span><\/p>\n<\/div><\/div><\/div><\/div><\/div>\n","protected":false},"excerpt":{"rendered":"","protected":false},"author":1,"featured_media":0,"comment_status":"closed","ping_status":"closed","sticky":false,"template":"","format":"standard","meta":{"footnotes":""},"categories":[48],"tags":[],"class_list":["post-5094","post","type-post","status-publish","format-standard","hentry","category-vereinsnachrichten-2012"],"_links":{"self":[{"href":"https:\/\/mv-malschenberg.de\/index.php\/wp-json\/wp\/v2\/posts\/5094","targetHints":{"allow":["GET"]}}],"collection":[{"href":"https:\/\/mv-malschenberg.de\/index.php\/wp-json\/wp\/v2\/posts"}],"about":[{"href":"https:\/\/mv-malschenberg.de\/index.php\/wp-json\/wp\/v2\/types\/post"}],"author":[{"embeddable":true,"href":"https:\/\/mv-malschenberg.de\/index.php\/wp-json\/wp\/v2\/users\/1"}],"replies":[{"embeddable":true,"href":"https:\/\/mv-malschenberg.de\/index.php\/wp-json\/wp\/v2\/comments?post=5094"}],"version-history":[{"count":10,"href":"https:\/\/mv-malschenberg.de\/index.php\/wp-json\/wp\/v2\/posts\/5094\/revisions"}],"predecessor-version":[{"id":26731,"href":"https:\/\/mv-malschenberg.de\/index.php\/wp-json\/wp\/v2\/posts\/5094\/revisions\/26731"}],"wp:attachment":[{"href":"https:\/\/mv-malschenberg.de\/index.php\/wp-json\/wp\/v2\/media?parent=5094"}],"wp:term":[{"taxonomy":"category","embeddable":true,"href":"https:\/\/mv-malschenberg.de\/index.php\/wp-json\/wp\/v2\/categories?post=5094"},{"taxonomy":"post_tag","embeddable":true,"href":"https:\/\/mv-malschenberg.de\/index.php\/wp-json\/wp\/v2\/tags?post=5094"}],"curies":[{"name":"wp","href":"https:\/\/api.w.org\/{rel}","templated":true}]}}