{"id":5068,"date":"2012-11-01T08:05:06","date_gmt":"2012-11-01T08:05:06","guid":{"rendered":"https:\/\/web32941.greatnet-hosting.de\/?p=5068"},"modified":"2026-03-25T06:42:21","modified_gmt":"2026-03-25T05:42:21","slug":"geburtstagskind-gerner-guenter","status":"publish","type":"post","link":"https:\/\/mv-malschenberg.de\/index.php\/2012\/11\/01\/geburtstagskind-gerner-guenter\/","title":{"rendered":"Geburtstagskind Gerner G\u00fcnter"},"content":{"rendered":"\n<div class=\"et_pb_section_0 et_pb_section et_section_regular et_block_section\"><div class=\"et_pb_row_0 et_pb_row et_block_row\"><div class=\"et_pb_column_0 et_pb_column et_pb_column_4_4 et-last-child et_block_column et_pb_css_mix_blend_mode_passthrough\"><div class=\"et_pb_text_0 et_pb_text et_pb_bg_layout_light et_pb_module et_block_module\"><div class=\"et_pb_text_inner\"><p><span style=\"color: #555555; font-family: Verdana; font-style: normal; font-variant-ligatures: normal; font-variant-caps: normal; font-weight: 400; letter-spacing: normal; orphans: 2; text-align: left; text-indent: 0px; text-transform: none; widows: 2; word-spacing: 0px; -webkit-text-stroke-width: 0px; white-space: normal; background-color: #ffffff; text-decoration-thickness: initial; text-decoration-style: initial; text-decoration-color: initial; font-size: 12px;\"><span style=\"color: #570b15;\"><span style=\"font-weight: normal; text-decoration: none;\">\u00a0<span>\u00a0<\/span><strong><span style=\"font-size: 14px;\">A<\/span><\/strong>m Dienstag, dem 30. Oktober 2012<\/span><span style=\"font-weight: normal; text-decoration: none;\"><span>\u00a0<\/span>durfte unser Ehrenmitglied Herrn G\u00fcnter Gerner sein 70. Wiegenfest begehen. Verwaltungsmitglied Christa Sch\u00e4ffner besuchte das Geburtstagskind und \u00fcberreichte ein Pr\u00e4sent der Trachtenkapelle verbunden mit den herzlichsten Gl\u00fcckw\u00fcnschen. Herr Gerner war sehr erfreut, bedankte sich mit einer Spende und lud zur geselligen Runde ein.<\/span><\/span><\/span><span style=\"color: #555555; font-family: Verdana; font-size: 13px; font-style: normal; font-variant-ligatures: normal; font-variant-caps: normal; font-weight: 400; letter-spacing: normal; orphans: 2; text-align: left; text-indent: 0px; text-transform: none; widows: 2; word-spacing: 0px; -webkit-text-stroke-width: 0px; white-space: normal; background-color: #ffffff; text-decoration-thickness: initial; text-decoration-style: initial; text-decoration-color: initial; display: inline !important; float: none;\"><span>\u00a0<\/span><\/span><span style=\"color: #555555; font-family: Verdana; font-style: normal; font-variant-ligatures: normal; font-variant-caps: normal; font-weight: 400; letter-spacing: normal; orphans: 2; text-align: left; text-indent: 0px; text-transform: none; widows: 2; word-spacing: 0px; -webkit-text-stroke-width: 0px; white-space: normal; background-color: #ffffff; text-decoration-thickness: initial; text-decoration-style: initial; text-decoration-color: initial; font-size: 12px;\"><span style=\"color: #570b15;\">Der Musikverein Trachtenkapelle Harmonie Malschenberg w\u00fcnscht Herrn Gerner f\u00fcr seinen weiteren Lebensweg nochmals alles erdenklich Gute, Gesundheit und Wohlergehen. Ein herzliches Dankesch\u00f6n f\u00fcr die freundliche Bewirtung unserer Gratulantin und die gro\u00dfz\u00fcgig erbrachte Vereinsspende.<\/span><\/span><\/p>\n<\/div><\/div><\/div><\/div><\/div>\n","protected":false},"excerpt":{"rendered":"","protected":false},"author":1,"featured_media":0,"comment_status":"closed","ping_status":"closed","sticky":false,"template":"","format":"standard","meta":{"footnotes":""},"categories":[48],"tags":[],"class_list":["post-5068","post","type-post","status-publish","format-standard","hentry","category-vereinsnachrichten-2012"],"_links":{"self":[{"href":"https:\/\/mv-malschenberg.de\/index.php\/wp-json\/wp\/v2\/posts\/5068","targetHints":{"allow":["GET"]}}],"collection":[{"href":"https:\/\/mv-malschenberg.de\/index.php\/wp-json\/wp\/v2\/posts"}],"about":[{"href":"https:\/\/mv-malschenberg.de\/index.php\/wp-json\/wp\/v2\/types\/post"}],"author":[{"embeddable":true,"href":"https:\/\/mv-malschenberg.de\/index.php\/wp-json\/wp\/v2\/users\/1"}],"replies":[{"embeddable":true,"href":"https:\/\/mv-malschenberg.de\/index.php\/wp-json\/wp\/v2\/comments?post=5068"}],"version-history":[{"count":9,"href":"https:\/\/mv-malschenberg.de\/index.php\/wp-json\/wp\/v2\/posts\/5068\/revisions"}],"predecessor-version":[{"id":26739,"href":"https:\/\/mv-malschenberg.de\/index.php\/wp-json\/wp\/v2\/posts\/5068\/revisions\/26739"}],"wp:attachment":[{"href":"https:\/\/mv-malschenberg.de\/index.php\/wp-json\/wp\/v2\/media?parent=5068"}],"wp:term":[{"taxonomy":"category","embeddable":true,"href":"https:\/\/mv-malschenberg.de\/index.php\/wp-json\/wp\/v2\/categories?post=5068"},{"taxonomy":"post_tag","embeddable":true,"href":"https:\/\/mv-malschenberg.de\/index.php\/wp-json\/wp\/v2\/tags?post=5068"}],"curies":[{"name":"wp","href":"https:\/\/api.w.org\/{rel}","templated":true}]}}