{"id":5007,"date":"2013-02-03T12:56:37","date_gmt":"2013-02-03T12:56:37","guid":{"rendered":"https:\/\/web32941.greatnet-hosting.de\/?p=5007"},"modified":"2026-03-25T06:42:59","modified_gmt":"2026-03-25T05:42:59","slug":"geburtstagskind-pittich-gerhard-2","status":"publish","type":"post","link":"https:\/\/mv-malschenberg.de\/index.php\/2013\/02\/03\/geburtstagskind-pittich-gerhard-2\/","title":{"rendered":"Geburtstagskind Pittich Gerhard"},"content":{"rendered":"\n<div class=\"et_pb_section_0 et_pb_section et_section_regular et_block_section\"><div class=\"et_pb_row_0 et_pb_row et_block_row\"><div class=\"et_pb_column_0 et_pb_column et_pb_column_4_4 et-last-child et_block_column et_pb_css_mix_blend_mode_passthrough\"><div class=\"et_pb_text_0 et_pb_text et_pb_bg_layout_light et_pb_module et_block_module\"><div class=\"et_pb_text_inner\"><p style=\"color: #555555; font-family: Verdana, Helvetica, sans-serif; font-size: 13px; font-style: normal; font-variant-ligatures: normal; font-variant-caps: normal; font-weight: 400; letter-spacing: normal; orphans: 2; text-align: left; text-indent: 0px; text-transform: none; widows: 2; word-spacing: 0px; -webkit-text-stroke-width: 0px; white-space: normal; background-color: #ffffff; text-decoration-thickness: initial; text-decoration-style: initial; text-decoration-color: initial;\"><span style=\"font-size: 12px;\"><span style=\"font-family: Verdana;\">\u00a0<span>\u00a0<\/span><span style=\"font-size: 14px;\"><strong>A<\/strong><\/span>m Sonntag, dem\u00a0 27. Januar 2013 durfte unser langj\u00e4hriges, f\u00f6rderndes und ehemaliges Vorstandsmitglied mit der Funktion als Schriftf\u00fchrer Herrn Gerhard Pittich seinen 70. Geburtstag begehen. Verwaltungsmitglied Christa Sch\u00e4ffner und Karin Schwab besuchten unseren Gerhard an seinem Ehrentag, gratulierten im Namen der Trachtenkapelle und \u00fcberreichten ein Pr\u00e4sent mit den herzlichsten Gl\u00fcckw\u00fcnschen. Nat\u00fcrlich war Gerhard sichtlich erfreut, mit Herz und Humor bedankte er sich in Form einer Spende und lud zum gemeinsamen Mitfeiern ein.<\/span><\/span><\/p>\n<p style=\"color: #555555; font-family: Verdana, Helvetica, sans-serif; font-size: 13px; font-style: normal; font-variant-ligatures: normal; font-variant-caps: normal; font-weight: 400; letter-spacing: normal; orphans: 2; text-align: left; text-indent: 0px; text-transform: none; widows: 2; word-spacing: 0px; -webkit-text-stroke-width: 0px; white-space: normal; background-color: #ffffff; text-decoration-thickness: initial; text-decoration-style: initial; text-decoration-color: initial;\"><span style=\"font-size: 12px;\"><span style=\"font-family: Verdana;\">Der Musikverein Trachtenkapelle w\u00fcnscht dir lieber Gerhard f\u00fcr deinen weiteren Lebensweg alles erdenklich Gute und ganz viel Gesundheit, so dass du uns noch lange erhalten bleibst. Ein herzliches Dankesch\u00f6n f\u00fcr die Vereinsspende und die k\u00f6stliche Bewirtung unserer Gratulanten.<\/span><\/span><\/p>\n<\/div><\/div><\/div><\/div><\/div>\n","protected":false},"excerpt":{"rendered":"","protected":false},"author":1,"featured_media":0,"comment_status":"closed","ping_status":"closed","sticky":false,"template":"","format":"standard","meta":{"footnotes":""},"categories":[47],"tags":[],"class_list":["post-5007","post","type-post","status-publish","format-standard","hentry","category-vereinsnachrichten-2013"],"_links":{"self":[{"href":"https:\/\/mv-malschenberg.de\/index.php\/wp-json\/wp\/v2\/posts\/5007","targetHints":{"allow":["GET"]}}],"collection":[{"href":"https:\/\/mv-malschenberg.de\/index.php\/wp-json\/wp\/v2\/posts"}],"about":[{"href":"https:\/\/mv-malschenberg.de\/index.php\/wp-json\/wp\/v2\/types\/post"}],"author":[{"embeddable":true,"href":"https:\/\/mv-malschenberg.de\/index.php\/wp-json\/wp\/v2\/users\/1"}],"replies":[{"embeddable":true,"href":"https:\/\/mv-malschenberg.de\/index.php\/wp-json\/wp\/v2\/comments?post=5007"}],"version-history":[{"count":10,"href":"https:\/\/mv-malschenberg.de\/index.php\/wp-json\/wp\/v2\/posts\/5007\/revisions"}],"predecessor-version":[{"id":26756,"href":"https:\/\/mv-malschenberg.de\/index.php\/wp-json\/wp\/v2\/posts\/5007\/revisions\/26756"}],"wp:attachment":[{"href":"https:\/\/mv-malschenberg.de\/index.php\/wp-json\/wp\/v2\/media?parent=5007"}],"wp:term":[{"taxonomy":"category","embeddable":true,"href":"https:\/\/mv-malschenberg.de\/index.php\/wp-json\/wp\/v2\/categories?post=5007"},{"taxonomy":"post_tag","embeddable":true,"href":"https:\/\/mv-malschenberg.de\/index.php\/wp-json\/wp\/v2\/tags?post=5007"}],"curies":[{"name":"wp","href":"https:\/\/api.w.org\/{rel}","templated":true}]}}