{"id":5000,"date":"2013-02-03T12:52:27","date_gmt":"2013-02-03T12:52:27","guid":{"rendered":"https:\/\/web32941.greatnet-hosting.de\/?p=5000"},"modified":"2026-03-25T06:42:54","modified_gmt":"2026-03-25T05:42:54","slug":"geburtstagskind-schmidt-andreas","status":"publish","type":"post","link":"https:\/\/mv-malschenberg.de\/index.php\/2013\/02\/03\/geburtstagskind-schmidt-andreas\/","title":{"rendered":"Geburtstagskind Schmidt Andreas"},"content":{"rendered":"\n<div class=\"et_pb_section_0 et_pb_section et_section_regular et_block_section\"><div class=\"et_pb_row_0 et_pb_row et_block_row\"><div class=\"et_pb_column_0 et_pb_column et_pb_column_4_4 et-last-child et_block_column et_pb_css_mix_blend_mode_passthrough\"><div class=\"et_pb_text_0 et_pb_text et_pb_bg_layout_light et_pb_module et_block_module\"><div class=\"et_pb_text_inner\"><p style=\"color: #555555; font-family: Verdana, Helvetica, sans-serif; font-size: 13px; font-style: normal; font-variant-ligatures: normal; font-variant-caps: normal; font-weight: 400; letter-spacing: normal; orphans: 2; text-align: left; text-indent: 0px; text-transform: none; widows: 2; word-spacing: 0px; -webkit-text-stroke-width: 0px; white-space: normal; background-color: #ffffff; text-decoration-thickness: initial; text-decoration-style: initial; text-decoration-color: initial;\"><span style=\"font-size: 12px;\"><span style=\"font-family: Verdana;\">\u00a0<span>\u00a0<\/span><span style=\"font-size: 14px;\"><strong>A<\/strong><\/span>m Donnerstag, dem\u00a0 31. Januar 2013 durfte unser langj\u00e4hriges und f\u00f6rderndes Mitglied Herrn Andreas Schmidt sein 80. Wiegenfest begehen. Verwaltungsmitglied Christa Sch\u00e4ffner besuchten Herrn Schmidt an seinem Ehrentag und \u00fcberreichte ein Pr\u00e4sent der Trachtenkapelle verbunden mit den herzlichsten Gl\u00fcckw\u00fcnschen. Herr Schmidt war sehr erfreut und bedankte sich mit einer Spende.<\/span><\/span><\/p>\n<p style=\"color: #555555; font-family: Verdana, Helvetica, sans-serif; font-size: 13px; font-style: normal; font-variant-ligatures: normal; font-variant-caps: normal; font-weight: 400; letter-spacing: normal; orphans: 2; text-align: left; text-indent: 0px; text-transform: none; widows: 2; word-spacing: 0px; -webkit-text-stroke-width: 0px; white-space: normal; background-color: #ffffff; text-decoration-thickness: initial; text-decoration-style: initial; text-decoration-color: initial;\"><span style=\"font-size: 12px;\"><span style=\"font-family: Verdana;\">Der Musikverein Trachtenkapelle Harmonie Malschenberg w\u00fcnscht Herrn Andreas Schmidt f\u00fcr seinen weiteren Lebensweg nochmals alles erdenklich Gute, Gesundheit und Wohlergehen. Ein herzliches Dankesch\u00f6n f\u00fcr die gesellige Bewirtung unserer Gratulantin und auch f\u00fcr die gro\u00dfz\u00fcgige Vereinsspende.<\/span><\/span><\/p>\n<\/div><\/div><\/div><\/div><\/div>\n","protected":false},"excerpt":{"rendered":"","protected":false},"author":1,"featured_media":0,"comment_status":"closed","ping_status":"closed","sticky":false,"template":"","format":"standard","meta":{"footnotes":""},"categories":[47],"tags":[],"class_list":["post-5000","post","type-post","status-publish","format-standard","hentry","category-vereinsnachrichten-2013"],"_links":{"self":[{"href":"https:\/\/mv-malschenberg.de\/index.php\/wp-json\/wp\/v2\/posts\/5000","targetHints":{"allow":["GET"]}}],"collection":[{"href":"https:\/\/mv-malschenberg.de\/index.php\/wp-json\/wp\/v2\/posts"}],"about":[{"href":"https:\/\/mv-malschenberg.de\/index.php\/wp-json\/wp\/v2\/types\/post"}],"author":[{"embeddable":true,"href":"https:\/\/mv-malschenberg.de\/index.php\/wp-json\/wp\/v2\/users\/1"}],"replies":[{"embeddable":true,"href":"https:\/\/mv-malschenberg.de\/index.php\/wp-json\/wp\/v2\/comments?post=5000"}],"version-history":[{"count":9,"href":"https:\/\/mv-malschenberg.de\/index.php\/wp-json\/wp\/v2\/posts\/5000\/revisions"}],"predecessor-version":[{"id":26754,"href":"https:\/\/mv-malschenberg.de\/index.php\/wp-json\/wp\/v2\/posts\/5000\/revisions\/26754"}],"wp:attachment":[{"href":"https:\/\/mv-malschenberg.de\/index.php\/wp-json\/wp\/v2\/media?parent=5000"}],"wp:term":[{"taxonomy":"category","embeddable":true,"href":"https:\/\/mv-malschenberg.de\/index.php\/wp-json\/wp\/v2\/categories?post=5000"},{"taxonomy":"post_tag","embeddable":true,"href":"https:\/\/mv-malschenberg.de\/index.php\/wp-json\/wp\/v2\/tags?post=5000"}],"curies":[{"name":"wp","href":"https:\/\/api.w.org\/{rel}","templated":true}]}}