{"id":4988,"date":"2013-02-11T12:47:45","date_gmt":"2013-02-11T12:47:45","guid":{"rendered":"https:\/\/web32941.greatnet-hosting.de\/?p=4988"},"modified":"2026-03-25T06:43:01","modified_gmt":"2026-03-25T05:43:01","slug":"faschingsumzug-malsch-2013","status":"publish","type":"post","link":"https:\/\/mv-malschenberg.de\/index.php\/2013\/02\/11\/faschingsumzug-malsch-2013\/","title":{"rendered":"Faschingsumzug Malsch 2013"},"content":{"rendered":"\n<div class=\"et_pb_section_0 et_pb_section et_section_regular et_block_section\"><div class=\"et_pb_row_0 et_pb_row et_block_row\"><div class=\"et_pb_column_0 et_pb_column et_pb_column_4_4 et-last-child et_block_column et_pb_css_mix_blend_mode_passthrough\"><div class=\"et_pb_text_0 et_pb_text et_pb_bg_layout_light et_pb_module et_block_module\"><div class=\"et_pb_text_inner\"><p style=\"color: #555555; font-family: Verdana, Helvetica, sans-serif; font-size: 13px; font-style: normal; font-variant-ligatures: normal; font-variant-caps: normal; font-weight: 400; letter-spacing: normal; orphans: 2; text-align: left; text-indent: 0px; text-transform: none; widows: 2; word-spacing: 0px; -webkit-text-stroke-width: 0px; white-space: normal; background-color: #ffffff; text-decoration-thickness: initial; text-decoration-style: initial; text-decoration-color: initial;\"><span style=\"font-size: 12px;\"><span style=\"font-family: Verdana;\"><span style=\"font-size: 14px;\"><strong>A<\/strong><\/span>m Sonntag, dem 10. Februar 2013 ging es nat\u00fcrlich mit den neuen Cracy Gl\u00fccksb\u00e4ren in unserer Region allseits bekannteste Narrenhochburg nach Malsch.<\/span><\/span><\/p>\n<\/div><\/div><div class=\"et_pb_image_0 et_pb_image et_pb_module et_block_module\"><span class=\"et_pb_image_wrap\"><img loading=\"lazy\" decoding=\"async\" src=\"https:\/\/mv-malschenberg.de\/wp-content\/uploads\/2023\/11\/032_1.jpg\" width=\"632\" height=\"474\" srcset=\"https:\/\/mv-malschenberg.de\/wp-content\/uploads\/2023\/11\/032_1.jpg 632w, https:\/\/mv-malschenberg.de\/wp-content\/uploads\/2023\/11\/032_1-480x360.jpg 480w\" sizes=\"(min-width: 0px) and (max-width: 480px) 480px, (min-width: 481px) 632px, 100vw\" class=\"wp-image-11385\" title=\"032_1\" \/><\/span><\/div><div class=\"et_pb_text_1 et_pb_text et_pb_bg_layout_light et_pb_module et_block_module\"><div class=\"et_pb_text_inner\"><p><span style=\"font-size: 12px;\"><span style=\"font-family: Verdana;\">Und wie sollte es anders sein, mit so viel Gl\u00fcck gl\u00e4nzte der gesamte Himmel mit Sonnenstrahlen pur. Die k\u00fchlen Temperaturen wurden mit alt und neu bekannten Faschingsschlagern wie \"Viva Colonia\", dem \"Fliegerlied\", \"Schatzi, schenk mit eine Foto\" und \"I sing a Liad f\u00fcr di\" weggeblasen und die gesamte Truppe erntete tobenden Beifall von den mit Zuschauern \u00fcberf\u00fcllten Stra\u00dfen.<\/span><\/span><\/p>\n<\/div><\/div><\/div><\/div><\/div>\n","protected":false},"excerpt":{"rendered":"","protected":false},"author":1,"featured_media":0,"comment_status":"closed","ping_status":"closed","sticky":false,"template":"","format":"standard","meta":{"footnotes":""},"categories":[47],"tags":[],"class_list":["post-4988","post","type-post","status-publish","format-standard","hentry","category-vereinsnachrichten-2013"],"_links":{"self":[{"href":"https:\/\/mv-malschenberg.de\/index.php\/wp-json\/wp\/v2\/posts\/4988","targetHints":{"allow":["GET"]}}],"collection":[{"href":"https:\/\/mv-malschenberg.de\/index.php\/wp-json\/wp\/v2\/posts"}],"about":[{"href":"https:\/\/mv-malschenberg.de\/index.php\/wp-json\/wp\/v2\/types\/post"}],"author":[{"embeddable":true,"href":"https:\/\/mv-malschenberg.de\/index.php\/wp-json\/wp\/v2\/users\/1"}],"replies":[{"embeddable":true,"href":"https:\/\/mv-malschenberg.de\/index.php\/wp-json\/wp\/v2\/comments?post=4988"}],"version-history":[{"count":10,"href":"https:\/\/mv-malschenberg.de\/index.php\/wp-json\/wp\/v2\/posts\/4988\/revisions"}],"predecessor-version":[{"id":26757,"href":"https:\/\/mv-malschenberg.de\/index.php\/wp-json\/wp\/v2\/posts\/4988\/revisions\/26757"}],"wp:attachment":[{"href":"https:\/\/mv-malschenberg.de\/index.php\/wp-json\/wp\/v2\/media?parent=4988"}],"wp:term":[{"taxonomy":"category","embeddable":true,"href":"https:\/\/mv-malschenberg.de\/index.php\/wp-json\/wp\/v2\/categories?post=4988"},{"taxonomy":"post_tag","embeddable":true,"href":"https:\/\/mv-malschenberg.de\/index.php\/wp-json\/wp\/v2\/tags?post=4988"}],"curies":[{"name":"wp","href":"https:\/\/api.w.org\/{rel}","templated":true}]}}