{"id":4944,"date":"2013-05-12T12:35:24","date_gmt":"2013-05-12T12:35:24","guid":{"rendered":"https:\/\/web32941.greatnet-hosting.de\/?p=4944"},"modified":"2026-03-25T06:43:39","modified_gmt":"2026-03-25T05:43:39","slug":"konzert-2013-musik-von-polka-bis-pop","status":"publish","type":"post","link":"https:\/\/mv-malschenberg.de\/index.php\/2013\/05\/12\/konzert-2013-musik-von-polka-bis-pop\/","title":{"rendered":"Konzert 2013 &#8211; Musik von Polka bis Pop"},"content":{"rendered":"\n<div class=\"et_pb_section_0 et_pb_section et_section_regular et_block_section\"><div class=\"et_pb_row_0 et_pb_row et_block_row\"><div class=\"et_pb_column_0 et_pb_column et_pb_column_4_4 et-last-child et_block_column et_pb_css_mix_blend_mode_passthrough\"><div class=\"et_pb_text_0 et_pb_text et_pb_bg_layout_light et_pb_module et_block_module\"><div class=\"et_pb_text_inner\"><p style=\"color: #555555; font-family: Verdana, Helvetica, sans-serif; font-size: 13px; font-style: normal; font-variant-ligatures: normal; font-variant-caps: normal; font-weight: 400; letter-spacing: normal; orphans: 2; text-indent: 0px; text-transform: none; widows: 2; word-spacing: 0px; -webkit-text-stroke-width: 0px; white-space: normal; background-color: #ffffff; text-decoration-thickness: initial; text-decoration-style: initial; text-decoration-color: initial; text-align: center;\"><span style=\"font-family: Verdana;\"><span style=\"font-size: 14pt;\">Musikverein Trachtenkapelle Harmonie begeisterte Zuh\u00f6rer<\/span><\/span><\/p>\n<p style=\"color: #555555; font-family: Verdana, Helvetica, sans-serif; font-size: 13px; font-style: normal; font-variant-ligatures: normal; font-variant-caps: normal; font-weight: 400; letter-spacing: normal; orphans: 2; text-align: left; text-indent: 0px; text-transform: none; widows: 2; word-spacing: 0px; -webkit-text-stroke-width: 0px; white-space: normal; background-color: #ffffff; text-decoration-thickness: initial; text-decoration-style: initial; text-decoration-color: initial;\"><span style=\"font-size: 16px;\"><span style=\"font-family: Verdana;\">Malschenberg (BeSt)<\/span><\/span><\/p>\n<p style=\"color: #555555; font-family: Verdana, Helvetica, sans-serif; font-size: 13px; font-style: normal; font-variant-ligatures: normal; font-variant-caps: normal; font-weight: 400; letter-spacing: normal; orphans: 2; text-align: left; text-indent: 0px; text-transform: none; widows: 2; word-spacing: 0px; -webkit-text-stroke-width: 0px; white-space: normal; background-color: #ffffff; text-decoration-thickness: initial; text-decoration-style: initial; text-decoration-color: initial;\"><span style=\"font-size: 12px;\"><span style=\"font-family: Verdana;\">\u00a0<span>\u00a0<\/span><span style=\"font-size: 14px;\"><strong>D<\/strong><\/span>er Musikverein Trachtenkapelle Harmonie gestaltete am Samstag ein abwechslungsreiches Konzert aus b\u00f6hmisch-m\u00e4hrischer Blasmusik, sakralen T\u00f6nen und Hits aus Rock und Pop, welches alle Besucher begeisterte.<br \/><\/span><\/span><\/p>\n<p style=\"color: #555555; font-family: Verdana, Helvetica, sans-serif; font-size: 13px; font-style: normal; font-variant-ligatures: normal; font-variant-caps: normal; font-weight: 400; letter-spacing: normal; orphans: 2; text-align: left; text-indent: 0px; text-transform: none; widows: 2; word-spacing: 0px; -webkit-text-stroke-width: 0px; white-space: normal; background-color: #ffffff; text-decoration-thickness: initial; text-decoration-style: initial; text-decoration-color: initial;\"><span style=\"font-size: 12px;\"><span style=\"font-family: Verdana;\">In einem bis auf den letzten Sitzplatz gef\u00fcllten Malschenberger Pfarrzentrum konnte der Vorsitzende des Musikvereins R\u00fcdiger Knopf auch B\u00fcrgermeister Frank Broghammer und Ortsvorsteher Hugo Seltenreich begr\u00fc\u00dfen. Dabei sprach er den Wunsch aus, Kinder f\u00fcr die Musik neubegeistern zu k\u00f6nnen und rief alle Zuh\u00f6rer dazu auf, den Verein in diesem Anliegen zu unterst\u00fctzen. Durch das Programm f\u00fchrte gekonnt die Klarinettistin Christa Sch\u00e4ffner, die viele Hintergrundinformationen zu Komponisten und Musikst\u00fccken bereithielt.<\/span><br \/><\/span><\/p>\n<p style=\"color: #555555; font-family: Verdana, Helvetica, sans-serif; font-size: 13px; font-style: normal; font-variant-ligatures: normal; font-variant-caps: normal; font-weight: 400; letter-spacing: normal; orphans: 2; text-indent: 0px; text-transform: none; widows: 2; word-spacing: 0px; -webkit-text-stroke-width: 0px; white-space: normal; background-color: #ffffff; text-decoration-thickness: initial; text-decoration-style: initial; text-decoration-color: initial; text-align: center;\"><span style=\"font-size: 12px;\"><span style=\"font-family: Verdana;\"><img loading=\"lazy\" decoding=\"async\" src=\"http:\/\/www.mv-malschenberg.de\/MVMBG\/images\/stories\/Konzert\/P1060453-2_i.jpg\" alt=\"\" height=\"480\" width=\"640\" style=\"outline: none; border: 0px;\" \/><\/span><\/span><\/p>\n<p style=\"color: #555555; font-family: Verdana, Helvetica, sans-serif; font-size: 13px; font-style: normal; font-variant-ligatures: normal; font-variant-caps: normal; font-weight: 400; letter-spacing: normal; orphans: 2; text-align: left; text-indent: 0px; text-transform: none; widows: 2; word-spacing: 0px; -webkit-text-stroke-width: 0px; white-space: normal; background-color: #ffffff; text-decoration-thickness: initial; text-decoration-style: initial; text-decoration-color: initial;\"><span style=\"font-size: 12px;\"><span style=\"font-family: Verdana;\">Mit der durch die Trompeten erklingende Fanfare der unterfr\u00e4nkischen Polka \u201eGr\u00fc\u00df Gott\u201c begr\u00fc\u00dfte die Kapelle auch musikalisch die G\u00e4ste, bevor das 22-k\u00f6pfige Orchester unter der Leitung von Dirigent Erich Merklinger gekonnt einstimmte. Anschlie\u00dfend wurde der an diesem Wochenende durchstartende Fr\u00fchling in der \u201eAmsel-Polka\u201c h\u00f6rbar. Dieses St\u00fcck der volkst\u00fcmlichen Blasmusik wurde eigens f\u00fcr das Konzert durch den Dirigenten arrangiert.<\/span><br \/><\/span><\/p>\n<p style=\"color: #555555; font-family: Verdana, Helvetica, sans-serif; font-size: 13px; font-style: normal; font-variant-ligatures: normal; font-variant-caps: normal; font-weight: 400; letter-spacing: normal; orphans: 2; text-align: left; text-indent: 0px; text-transform: none; widows: 2; word-spacing: 0px; -webkit-text-stroke-width: 0px; white-space: normal; background-color: #ffffff; text-decoration-thickness: initial; text-decoration-style: initial; text-decoration-color: initial;\"><span style=\"font-size: 12px;\"><span style=\"font-family: Verdana;\">Mit dem Rock-Evergreen von John Miles aus dem Jahr 1976 \u201eMusic\u201c spielte sich die Harmonie trotz der Schwierigkeiten dieses Liedes, wie wechselnde Takte und Tempi, gekonnt zu einem ersten H\u00f6hepunkt des Konzertes.<\/span><br \/><\/span><\/p>\n<p style=\"color: #555555; font-family: Verdana, Helvetica, sans-serif; font-size: 13px; font-style: normal; font-variant-ligatures: normal; font-variant-caps: normal; font-weight: 400; letter-spacing: normal; orphans: 2; text-align: left; text-indent: 0px; text-transform: none; widows: 2; word-spacing: 0px; -webkit-text-stroke-width: 0px; white-space: normal; background-color: #ffffff; text-decoration-thickness: initial; text-decoration-style: initial; text-decoration-color: initial;\"><span style=\"font-size: 12px;\"><span style=\"font-family: Verdana;\">Der \u201eSolistentraum\u201c, der von dem Vereinsmusikers Werner Panz eigens arrangiert wurde, verzauberte die Zuh\u00f6rer mit Kl\u00e4ngen von Tenorhorn \"Werner Panz\" und Bariton \"Manfred M\u00fcller\".<\/span><br \/><\/span><\/p>\n<p style=\"color: #555555; font-family: Verdana, Helvetica, sans-serif; font-size: 13px; font-style: normal; font-variant-ligatures: normal; font-variant-caps: normal; font-weight: 400; letter-spacing: normal; orphans: 2; text-align: left; text-indent: 0px; text-transform: none; widows: 2; word-spacing: 0px; -webkit-text-stroke-width: 0px; white-space: normal; background-color: #ffffff; text-decoration-thickness: initial; text-decoration-style: initial; text-decoration-color: initial;\"><span style=\"font-size: 12px;\"><span style=\"font-family: Verdana;\">Die eigentliche Dudelsackmelodie \u201eHighland Cathedral\u201c, welche auch die heimliche Nationalhymne Schottlands sei, pr\u00e4sentierte der Verein gekonnt. Einen besonderen Augenschmaus boten die beiden Schlagzeuger in schottischem Kilt.<\/span><\/span><\/p>\n<p style=\"color: #555555; font-family: Verdana, Helvetica, sans-serif; font-size: 13px; font-style: normal; font-variant-ligatures: normal; font-variant-caps: normal; font-weight: 400; letter-spacing: normal; orphans: 2; text-indent: 0px; text-transform: none; widows: 2; word-spacing: 0px; -webkit-text-stroke-width: 0px; white-space: normal; background-color: #ffffff; text-decoration-thickness: initial; text-decoration-style: initial; text-decoration-color: initial; text-align: center;\"><img loading=\"lazy\" decoding=\"async\" src=\"http:\/\/www.mv-malschenberg.de\/MVMBG\/images\/stories\/Konzert\/P1060457-1_i.jpg\" alt=\"\" height=\"480\" width=\"640\" style=\"outline: none; border: 0px;\" \/><\/p>\n<p style=\"color: #555555; font-family: Verdana, Helvetica, sans-serif; font-size: 13px; font-style: normal; font-variant-ligatures: normal; font-variant-caps: normal; font-weight: 400; letter-spacing: normal; orphans: 2; text-align: left; text-indent: 0px; text-transform: none; widows: 2; word-spacing: 0px; -webkit-text-stroke-width: 0px; white-space: normal; background-color: #ffffff; text-decoration-thickness: initial; text-decoration-style: initial; text-decoration-color: initial;\"><span style=\"font-size: 12px;\"><span style=\"font-family: Verdana;\">Mit der tr\u00e4umerischen Popballade \u201eYou Raise Me Up\u201c der norwegischen Band Secret Garden aus dem Jahr 2003 bot das Orchester erneut moderne T\u00f6ne, wobei die Saxophon-Soli von Rainer Fleckenstein dem Lied eine ganz besondere Pointe verliehen.<\/span><\/span><\/p>\n<p style=\"color: #555555; font-family: Verdana, Helvetica, sans-serif; font-size: 13px; font-style: normal; font-variant-ligatures: normal; font-variant-caps: normal; font-weight: 400; letter-spacing: normal; orphans: 2; text-align: left; text-indent: 0px; text-transform: none; widows: 2; word-spacing: 0px; -webkit-text-stroke-width: 0px; white-space: normal; background-color: #ffffff; text-decoration-thickness: initial; text-decoration-style: initial; text-decoration-color: initial;\"><span style=\"font-size: 12px;\"><span style=\"font-family: Verdana;\">Die Seele der Musiker zeigte sich in dem St\u00fcck \u201eWir Musikanten\u201c, welches den ersten Konzertteil beendete.<\/span><\/span><\/p>\n<p style=\"color: #555555; font-family: Verdana, Helvetica, sans-serif; font-size: 13px; font-style: normal; font-variant-ligatures: normal; font-variant-caps: normal; font-weight: 400; letter-spacing: normal; orphans: 2; text-align: left; text-indent: 0px; text-transform: none; widows: 2; word-spacing: 0px; -webkit-text-stroke-width: 0px; white-space: normal; background-color: #ffffff; text-decoration-thickness: initial; text-decoration-style: initial; text-decoration-color: initial;\">Der \u201eMars der Medici\u201c aus dem Jahr 1938 bildete den Auftakt nach der Pause, bevor eine b\u00f6hmisch-m\u00e4hrische Polka \"Ein halbes Jahrhundert\" das volkst\u00fcmliche Liedgut abschloss.<\/p>\n<p style=\"color: #555555; font-family: Verdana, Helvetica, sans-serif; font-size: 13px; font-style: normal; font-variant-ligatures: normal; font-variant-caps: normal; font-weight: 400; letter-spacing: normal; orphans: 2; text-align: left; text-indent: 0px; text-transform: none; widows: 2; word-spacing: 0px; -webkit-text-stroke-width: 0px; white-space: normal; background-color: #ffffff; text-decoration-thickness: initial; text-decoration-style: initial; text-decoration-color: initial;\"><span style=\"font-size: 12px;\"><span style=\"font-family: Verdana;\">Durch das St\u00fcck \u201eFlashpoint\u201c in einer Bearbeitung von Erich Merklinger mit seinen vielen Soli von Trompete \"Rainer Sch\u00e4fer\", Saxophonen \"Rainer Fleckenstein und Gerhard Engler\" und dem Schlagzeug \"Aaron Farinas\" spielte sich der Verein temperamentvoll in die Moderne und stellte sein umfangreiches musikalisches K\u00f6nnen unter Beweis.<\/span><\/span><\/p>\n<p style=\"color: #555555; font-family: Verdana, Helvetica, sans-serif; font-size: 13px; font-style: normal; font-variant-ligatures: normal; font-variant-caps: normal; font-weight: 400; letter-spacing: normal; orphans: 2; text-align: left; text-indent: 0px; text-transform: none; widows: 2; word-spacing: 0px; -webkit-text-stroke-width: 0px; white-space: normal; background-color: #ffffff; text-decoration-thickness: initial; text-decoration-style: initial; text-decoration-color: initial;\"><span style=\"font-size: 12px;\"><span style=\"font-family: Verdana;\">Mit dem Evergreen \u201eYakety Sax\u201c, der f\u00fcr einen neuen Saxophonstil steht, gelang es den beiden Saxophon-Solisten Rainer Fleckenstein und Gerhard Engler das Pfarrzentrum in einen wilden H\u00fchnerstall zu verwandeln.<\/span><\/span><\/p>\n<p style=\"color: #555555; font-family: Verdana, Helvetica, sans-serif; font-size: 13px; font-style: normal; font-variant-ligatures: normal; font-variant-caps: normal; font-weight: 400; letter-spacing: normal; orphans: 2; text-align: left; text-indent: 0px; text-transform: none; widows: 2; word-spacing: 0px; -webkit-text-stroke-width: 0px; white-space: normal; background-color: #ffffff; text-decoration-thickness: initial; text-decoration-style: initial; text-decoration-color: initial;\"><span style=\"font-size: 12px;\"><span style=\"font-family: Verdana;\">Ron Sebregts schuf 1994 aus drei Songs des Clapton-Albums \u201eUnplugged\u201c eine wunderbare Blasmusikkomposition \u201eThe Cream of Clapton\u201c, die die Trachtenkapelle gekonnt darbrachte.<br \/><\/span><\/span><\/p>\n<p style=\"color: #555555; font-family: Verdana, Helvetica, sans-serif; font-size: 13px; font-style: normal; font-variant-ligatures: normal; font-variant-caps: normal; font-weight: 400; letter-spacing: normal; orphans: 2; text-align: left; text-indent: 0px; text-transform: none; widows: 2; word-spacing: 0px; -webkit-text-stroke-width: 0px; white-space: normal; background-color: #ffffff; text-decoration-thickness: initial; text-decoration-style: initial; text-decoration-color: initial;\"><span style=\"font-size: 12px;\"><span style=\"font-family: Verdana;\">Zur b\u00f6hmischen Gem\u00fctlichkeit kam die Harmonie am Ende des Konzerts mit der \"Polka Nr.37\" des tschechischen Komponisten Melod\u011bj Pralka zur\u00fcck.<br \/><\/span><\/span><\/p>\n<p style=\"color: #555555; font-family: Verdana, Helvetica, sans-serif; font-size: 13px; font-style: normal; font-variant-ligatures: normal; font-variant-caps: normal; font-weight: 400; letter-spacing: normal; orphans: 2; text-align: left; text-indent: 0px; text-transform: none; widows: 2; word-spacing: 0px; -webkit-text-stroke-width: 0px; white-space: normal; background-color: #ffffff; text-decoration-thickness: initial; text-decoration-style: initial; text-decoration-color: initial;\"><span style=\"font-size: 12px;\"><span style=\"font-family: Verdana;\">Der Malschenberger Musikverein Harmonie pr\u00e4sentierte sich mit einem musikalisch breit gef\u00e4cherten zweist\u00fcndigen Programm. Die Zuh\u00f6rer bedankten sich mit minutenlangen Ovationen.<br \/><\/span><\/span><\/p>\n<p style=\"color: #555555; font-family: Verdana, Helvetica, sans-serif; font-size: 13px; font-style: normal; font-variant-ligatures: normal; font-variant-caps: normal; font-weight: 400; letter-spacing: normal; orphans: 2; text-align: left; text-indent: 0px; text-transform: none; widows: 2; word-spacing: 0px; -webkit-text-stroke-width: 0px; white-space: normal; background-color: #ffffff; text-decoration-thickness: initial; text-decoration-style: initial; text-decoration-color: initial;\"><span style=\"font-size: 12px;\"><span style=\"font-family: Verdana;\">Den Schlussworten des Vorsitzenden R\u00fcdiger Knopf: \u201eWer auf diesem Konzert nicht war, der hat etwas verpasst.\u201c, ist nichts mehr anzuschlie\u00dfen.<\/span><\/span><\/p>\n<\/div><\/div><\/div><\/div><\/div>\n","protected":false},"excerpt":{"rendered":"","protected":false},"author":1,"featured_media":0,"comment_status":"closed","ping_status":"closed","sticky":false,"template":"","format":"standard","meta":{"footnotes":""},"categories":[47],"tags":[],"class_list":["post-4944","post","type-post","status-publish","format-standard","hentry","category-vereinsnachrichten-2013"],"_links":{"self":[{"href":"https:\/\/mv-malschenberg.de\/index.php\/wp-json\/wp\/v2\/posts\/4944","targetHints":{"allow":["GET"]}}],"collection":[{"href":"https:\/\/mv-malschenberg.de\/index.php\/wp-json\/wp\/v2\/posts"}],"about":[{"href":"https:\/\/mv-malschenberg.de\/index.php\/wp-json\/wp\/v2\/types\/post"}],"author":[{"embeddable":true,"href":"https:\/\/mv-malschenberg.de\/index.php\/wp-json\/wp\/v2\/users\/1"}],"replies":[{"embeddable":true,"href":"https:\/\/mv-malschenberg.de\/index.php\/wp-json\/wp\/v2\/comments?post=4944"}],"version-history":[{"count":10,"href":"https:\/\/mv-malschenberg.de\/index.php\/wp-json\/wp\/v2\/posts\/4944\/revisions"}],"predecessor-version":[{"id":26774,"href":"https:\/\/mv-malschenberg.de\/index.php\/wp-json\/wp\/v2\/posts\/4944\/revisions\/26774"}],"wp:attachment":[{"href":"https:\/\/mv-malschenberg.de\/index.php\/wp-json\/wp\/v2\/media?parent=4944"}],"wp:term":[{"taxonomy":"category","embeddable":true,"href":"https:\/\/mv-malschenberg.de\/index.php\/wp-json\/wp\/v2\/categories?post=4944"},{"taxonomy":"post_tag","embeddable":true,"href":"https:\/\/mv-malschenberg.de\/index.php\/wp-json\/wp\/v2\/tags?post=4944"}],"curies":[{"name":"wp","href":"https:\/\/api.w.org\/{rel}","templated":true}]}}