{"id":4920,"date":"2013-06-03T12:28:41","date_gmt":"2013-06-03T12:28:41","guid":{"rendered":"https:\/\/web32941.greatnet-hosting.de\/?p=4920"},"modified":"2026-03-25T06:43:42","modified_gmt":"2026-03-25T05:43:42","slug":"drei-sterne-treffen-2013","status":"publish","type":"post","link":"https:\/\/mv-malschenberg.de\/index.php\/2013\/06\/03\/drei-sterne-treffen-2013\/","title":{"rendered":"Drei Sterne Treffen 2013"},"content":{"rendered":"\n<div class=\"et_pb_section_0 et_pb_section et_section_regular et_block_section\"><div class=\"et_pb_row_0 et_pb_row et_block_row\"><div class=\"et_pb_column_0 et_pb_column et_pb_column_4_4 et-last-child et_block_column et_pb_css_mix_blend_mode_passthrough\"><div class=\"et_pb_text_0 et_pb_text et_pb_bg_layout_light et_pb_module et_block_module\"><div class=\"et_pb_text_inner\"><p style=\"color: #555555; font-family: Verdana, Helvetica, sans-serif; font-size: 13px; font-style: normal; font-variant-ligatures: normal; font-variant-caps: normal; font-weight: 400; letter-spacing: normal; orphans: 2; text-align: left; text-indent: 0px; text-transform: none; widows: 2; word-spacing: 0px; -webkit-text-stroke-width: 0px; white-space: normal; background-color: #ffffff; text-decoration-thickness: initial; text-decoration-style: initial; text-decoration-color: initial;\"><span style=\"font-size: 12px;\"><span style=\"font-family: Verdana;\">\u00a0<span>\u00a0<\/span><strong><span style=\"font-size: 14px;\">N<\/span><\/strong>achdem das erste Mammuttreffen in Reichartshausen am 28. Mai 2005 stattfand, und das darauf folgende zweite Freundschaftstreffen in Wullenstetten am 9. Mai 2009 waren nun wir an der Reihe das drei Sterne-Mamuttreffen in Malschenberg zu organisieren. Nach einer zwei j\u00e4hrigen Planungsphase mit immer wieder aufkehrenden Termin\u00fcberschneidungen aller drei Musikvereine war es nun endlich am \u00a0vergangenen Samstag, dem 25. Mai 2013 soweit.<\/span><\/span><\/p>\n<p style=\"color: #555555; font-family: Verdana, Helvetica, sans-serif; font-size: 13px; font-style: normal; font-variant-ligatures: normal; font-variant-caps: normal; font-weight: 400; letter-spacing: normal; orphans: 2; text-align: left; text-indent: 0px; text-transform: none; widows: 2; word-spacing: 0px; -webkit-text-stroke-width: 0px; white-space: normal; background-color: #ffffff; text-decoration-thickness: initial; text-decoration-style: initial; text-decoration-color: initial;\"><span style=\"font-size: 12px;\"><span style=\"font-family: Verdana;\">Die gro\u00dfe Reise begann in Wullenstetten mit leider unvorhersehbaren Schwierigkeiten. Nach einer halben Stunde Fahrt erlag das Fahrzeug an einem technischen Defekt. Daraufhin verz\u00f6gerte sich die Anfahrt um eine Stunde in Richtung Reichartshausen und wir konnten unsere sehns\u00fcchtig erwarteten Freunde endlich um 16.00 Uhr mit einem musikalischen St\u00e4ndchen auf dem Ihle Hof auf das herzlichste begr\u00fc\u00dfen. Die Kaffeetafel war bereits gedeckt und wurde ausgiebig und gerne angenommen. Es wurde viel erz\u00e4hlt, gelacht und feucht fr\u00f6hlich gefeiert. Alte Freundschaften aufgefrischt und auch neue gekn\u00fcpft. So manche Erinnerungen aus\u00a0 \u201eAlten Zeiten der drei Vereine, ob dies in Wullenstetten, Reichartshausen oder auch in Malschenberg war\u201c, wurden geweckt. Vor dem ausgiebigen und gemeinsamen Abendessen mit allerlei K\u00f6stlichkeiten vom Ihle Hof stand nat\u00fcrlich auch das gemeinsame Musizieren der Kapellen auf dem Programm. Jeder der drei Dirigenten durfte mal an die vorderste Front um sich bei den Kl\u00e4ngen der ca. 50 Musikerinnen und Musikern wohlzuf\u00fchlen. F\u00fcr die von uns Vorbereiteten Kameradschafts- und Gemeinschaftsspiele fehlte uns leider jegliche Zeit, denn das Fu\u00dfball Champions-League-Finale des FC Bayern M\u00fcnchen gegen den BVB Borussia Dortmund stand im Vordergrund. Kurzerhand wurde die Strau\u00dfenwirtschaft in ein Public Viewing verwandelt womit wir unseren Kameraden aus Bayern die gr\u00f6\u00dfte Freude bereiteten. \u00dcber das Ergebnis wurde ordentlich bei mehreren Viertelchen hei\u00df diskutiert.<\/span><\/span><\/p>\n<p style=\"color: #555555; font-family: Verdana, Helvetica, sans-serif; font-size: 13px; font-style: normal; font-variant-ligatures: normal; font-variant-caps: normal; font-weight: 400; letter-spacing: normal; orphans: 2; text-align: left; text-indent: 0px; text-transform: none; widows: 2; word-spacing: 0px; -webkit-text-stroke-width: 0px; white-space: normal; background-color: #ffffff; text-decoration-thickness: initial; text-decoration-style: initial; text-decoration-color: initial;\"><span style=\"font-size: 12px;\"><span style=\"font-family: Verdana;\">Pl\u00f6tzlich und unerwartet hie\u00df es Abschied nehmen, denn der Bus f\u00fcr die Heimfahrt stand bereit. Schade, die Stunden verflogen wie im Wind aber die Abschiedszeremonie dauerte, wie immer noch einige Zeit an, bis dann der Bus rollte.<\/span><\/span><\/p>\n<p style=\"color: #555555; font-family: Verdana, Helvetica, sans-serif; font-size: 13px; font-style: normal; font-variant-ligatures: normal; font-variant-caps: normal; font-weight: 400; letter-spacing: normal; orphans: 2; text-align: left; text-indent: 0px; text-transform: none; widows: 2; word-spacing: 0px; -webkit-text-stroke-width: 0px; white-space: normal; background-color: #ffffff; text-decoration-thickness: initial; text-decoration-style: initial; text-decoration-color: initial;\"><span style=\"font-size: 12px;\"><span style=\"font-family: Verdana;\">Zum Schluss waren sich die Organisatoren mal wieder einig, dass dieses \u201eDrei-Sterne-Mammuttreffen unbedingt auf der Traditions-Liste fest integriert werden soll. Wir sind gespannt, wann und wo das n\u00e4chste Treffen stattfindet\u2026<\/span><\/span><\/p>\n<\/div><\/div><\/div><\/div><\/div>\n","protected":false},"excerpt":{"rendered":"","protected":false},"author":1,"featured_media":0,"comment_status":"closed","ping_status":"closed","sticky":false,"template":"","format":"standard","meta":{"footnotes":""},"categories":[47],"tags":[],"class_list":["post-4920","post","type-post","status-publish","format-standard","hentry","category-vereinsnachrichten-2013"],"_links":{"self":[{"href":"https:\/\/mv-malschenberg.de\/index.php\/wp-json\/wp\/v2\/posts\/4920","targetHints":{"allow":["GET"]}}],"collection":[{"href":"https:\/\/mv-malschenberg.de\/index.php\/wp-json\/wp\/v2\/posts"}],"about":[{"href":"https:\/\/mv-malschenberg.de\/index.php\/wp-json\/wp\/v2\/types\/post"}],"author":[{"embeddable":true,"href":"https:\/\/mv-malschenberg.de\/index.php\/wp-json\/wp\/v2\/users\/1"}],"replies":[{"embeddable":true,"href":"https:\/\/mv-malschenberg.de\/index.php\/wp-json\/wp\/v2\/comments?post=4920"}],"version-history":[{"count":10,"href":"https:\/\/mv-malschenberg.de\/index.php\/wp-json\/wp\/v2\/posts\/4920\/revisions"}],"predecessor-version":[{"id":26775,"href":"https:\/\/mv-malschenberg.de\/index.php\/wp-json\/wp\/v2\/posts\/4920\/revisions\/26775"}],"wp:attachment":[{"href":"https:\/\/mv-malschenberg.de\/index.php\/wp-json\/wp\/v2\/media?parent=4920"}],"wp:term":[{"taxonomy":"category","embeddable":true,"href":"https:\/\/mv-malschenberg.de\/index.php\/wp-json\/wp\/v2\/categories?post=4920"},{"taxonomy":"post_tag","embeddable":true,"href":"https:\/\/mv-malschenberg.de\/index.php\/wp-json\/wp\/v2\/tags?post=4920"}],"curies":[{"name":"wp","href":"https:\/\/api.w.org\/{rel}","templated":true}]}}