{"id":4835,"date":"2013-09-16T12:05:31","date_gmt":"2013-09-16T12:05:31","guid":{"rendered":"https:\/\/web32941.greatnet-hosting.de\/?p=4835"},"modified":"2026-03-25T06:44:24","modified_gmt":"2026-03-25T05:44:24","slug":"geburtstagskind-etzkorn-walter","status":"publish","type":"post","link":"https:\/\/mv-malschenberg.de\/index.php\/2013\/09\/16\/geburtstagskind-etzkorn-walter\/","title":{"rendered":"Geburtstagskind Etzkorn Walter"},"content":{"rendered":"\n<div class=\"et_pb_section_0 et_pb_section et_section_regular et_block_section\"><div class=\"et_pb_row_0 et_pb_row et_block_row\"><div class=\"et_pb_column_0 et_pb_column et_pb_column_4_4 et-last-child et_block_column et_pb_css_mix_blend_mode_passthrough\"><div class=\"et_pb_text_0 et_pb_text et_pb_bg_layout_light et_pb_module et_block_module\"><div class=\"et_pb_text_inner\"><p style=\"color: #555555; font-family: Verdana, Helvetica, sans-serif; font-size: 13px; font-style: normal; font-variant-ligatures: normal; font-variant-caps: normal; font-weight: 400; letter-spacing: normal; orphans: 2; text-align: left; text-indent: 0px; text-transform: none; widows: 2; word-spacing: 0px; -webkit-text-stroke-width: 0px; white-space: normal; background-color: #ffffff; text-decoration-thickness: initial; text-decoration-style: initial; text-decoration-color: initial;\"><span style=\"font-family: Verdana;\"><span style=\"font-size: 12px;\">\u00a0<span>\u00a0<\/span><strong><span style=\"font-size: 14px;\">E<\/span><\/strong>in weiteres musikalisches Geburtstagsst\u00e4ndchen durften wir am Freitag, dem 13. September 2013 unserem f\u00f6rderndes Mitglied und Pfarrer i. R. Herrn Walter Etzkorn zum 70. Wiegenfest darbringen. Die aktiven Musikerinnen und Musiker besuchten das Geburtstagskind in St. Leon-Rot im Caritas Seniorenheim und reihten sich in die Vielzahl der Gratulanten ein. Erster Vorsitzender R\u00fcdiger Knopf \u00fcberreichte im Namen der Trachtenkapelle ein Pr\u00e4sent verbunden mit den herzlichsten Gl\u00fcckw\u00fcnschen. Herr Etzkorn war \u00fcberaus erfreut \u00fcber die Aufmerksamkeit und bedankte mit einer sehr r\u00fchrenden und emotionalen Dankesrede verbunden mit vielen Erinnerungen an vergangene Zeiten in Malschenberg.\u00a0 Nat\u00fcrlich lie\u00df er es sich nicht nehmen die Aktiven zum anschlie\u00dfenden Umtrunk und kleinen Imbiss einzuladen. Auch die Vereinskasse hatte er bedacht und \u00fcbergab unserem Vorsitzenden eine sch\u00f6ne Spende.<\/span><\/span><\/p>\n<p style=\"color: #555555; font-family: Verdana, Helvetica, sans-serif; font-size: 13px; font-style: normal; font-variant-ligatures: normal; font-variant-caps: normal; font-weight: 400; letter-spacing: normal; orphans: 2; text-align: left; text-indent: 0px; text-transform: none; widows: 2; word-spacing: 0px; -webkit-text-stroke-width: 0px; white-space: normal; background-color: #ffffff; text-decoration-thickness: initial; text-decoration-style: initial; text-decoration-color: initial;\"><span style=\"font-family: Verdana;\"><span style=\"font-size: 12px;\">Der Musikverein Trachtenkapelle Harmonie Malschenberg w\u00fcnscht seinem Jubilar Herrn Etzkorn f\u00fcr den weiteren Lebensweg nochmals alles Gute bei bester Gesundheit und noch viele sch\u00f6ne Stunden in seinen Reihen. Ein ganz herzliches Dankesch\u00f6n f\u00fcr die netten Gespr\u00e4chsrunden sowie die freundliche Bewirtung und ganz besonders f\u00fcr die Unterst\u00fctzung unserer Vereinskasse.<\/span><\/span><\/p>\n<\/div><\/div><\/div><\/div><\/div>\n","protected":false},"excerpt":{"rendered":"","protected":false},"author":1,"featured_media":0,"comment_status":"closed","ping_status":"closed","sticky":false,"template":"","format":"standard","meta":{"footnotes":""},"categories":[47],"tags":[],"class_list":["post-4835","post","type-post","status-publish","format-standard","hentry","category-vereinsnachrichten-2013"],"_links":{"self":[{"href":"https:\/\/mv-malschenberg.de\/index.php\/wp-json\/wp\/v2\/posts\/4835","targetHints":{"allow":["GET"]}}],"collection":[{"href":"https:\/\/mv-malschenberg.de\/index.php\/wp-json\/wp\/v2\/posts"}],"about":[{"href":"https:\/\/mv-malschenberg.de\/index.php\/wp-json\/wp\/v2\/types\/post"}],"author":[{"embeddable":true,"href":"https:\/\/mv-malschenberg.de\/index.php\/wp-json\/wp\/v2\/users\/1"}],"replies":[{"embeddable":true,"href":"https:\/\/mv-malschenberg.de\/index.php\/wp-json\/wp\/v2\/comments?post=4835"}],"version-history":[{"count":10,"href":"https:\/\/mv-malschenberg.de\/index.php\/wp-json\/wp\/v2\/posts\/4835\/revisions"}],"predecessor-version":[{"id":26794,"href":"https:\/\/mv-malschenberg.de\/index.php\/wp-json\/wp\/v2\/posts\/4835\/revisions\/26794"}],"wp:attachment":[{"href":"https:\/\/mv-malschenberg.de\/index.php\/wp-json\/wp\/v2\/media?parent=4835"}],"wp:term":[{"taxonomy":"category","embeddable":true,"href":"https:\/\/mv-malschenberg.de\/index.php\/wp-json\/wp\/v2\/categories?post=4835"},{"taxonomy":"post_tag","embeddable":true,"href":"https:\/\/mv-malschenberg.de\/index.php\/wp-json\/wp\/v2\/tags?post=4835"}],"curies":[{"name":"wp","href":"https:\/\/api.w.org\/{rel}","templated":true}]}}