{"id":4734,"date":"2014-03-14T11:35:43","date_gmt":"2014-03-14T11:35:43","guid":{"rendered":"https:\/\/web32941.greatnet-hosting.de\/?p=4734"},"modified":"2026-03-25T06:45:31","modified_gmt":"2026-03-25T05:45:31","slug":"trauer-um-beigel-alfons","status":"publish","type":"post","link":"https:\/\/mv-malschenberg.de\/index.php\/2014\/03\/14\/trauer-um-beigel-alfons\/","title":{"rendered":"Trauer um Beigel Alfons"},"content":{"rendered":"\n<div class=\"et_pb_section_0 et_pb_section et_section_regular et_block_section\"><div class=\"et_pb_row_0 et_pb_row et_block_row\"><div class=\"et_pb_column_0 et_pb_column et_pb_column_4_4 et-last-child et_block_column et_pb_css_mix_blend_mode_passthrough\"><div class=\"et_pb_text_0 et_pb_text et_pb_bg_layout_light et_pb_module et_block_module\"><div class=\"et_pb_text_inner\"><p style=\"color: #555555; font-family: Verdana, Helvetica, sans-serif; font-size: 13px; font-style: normal; font-variant-ligatures: normal; font-variant-caps: normal; font-weight: 400; letter-spacing: normal; orphans: 2; text-align: left; text-indent: 0px; text-transform: none; widows: 2; word-spacing: 0px; -webkit-text-stroke-width: 0px; white-space: normal; background-color: #ffffff; text-decoration-thickness: initial; text-decoration-style: initial; text-decoration-color: initial; padding: 0cm;\">\u00a0<span>\u00a0<\/span><strong><span style=\"font-size: 14px;\">A<\/span><\/strong>m Mittwoch, dem 12. M\u00e4rz 2014 musste der Musikverein Trachtenkapelle Harmonie Malschenberg von seinem Ehrenmitglied Herrn Alfons Beigel f\u00fcr immer Abschied nehmen.<\/p>\n<p style=\"color: #555555; font-family: Verdana, Helvetica, sans-serif; font-size: 13px; font-style: normal; font-variant-ligatures: normal; font-variant-caps: normal; font-weight: 400; letter-spacing: normal; orphans: 2; text-align: left; text-indent: 0px; text-transform: none; widows: 2; word-spacing: 0px; -webkit-text-stroke-width: 0px; white-space: normal; background-color: #ffffff; text-decoration-thickness: initial; text-decoration-style: initial; text-decoration-color: initial; padding: 0cm;\"><span style=\"font-size: 12px;\"><span style=\"font-family: Verdana;\">Herr Beigel trat im Jahre 1969 dem Musikverein Malschenberg als f\u00f6rderndes Mitglied bei und hat durch seine nun 45 Jahre Mitgliedschaft unseren Verein unterst\u00fctzt und gef\u00f6rdert. Er war hilfsbereit, auf Ausgleich bedacht und bescheiden im Auftreten. Wir d\u00fcrfen ihm f\u00fcr seine Verbundenheit dem Verein gegen\u00fcber, seiner Hilfsbereitschaft sowie f\u00fcr die guten Ratschl\u00e4ge ein letztes Mal \u201eDank\u201c sagen.<\/span><\/span><\/p>\n<p style=\"color: #555555; font-family: Verdana, Helvetica, sans-serif; font-size: 13px; font-style: normal; font-variant-ligatures: normal; font-variant-caps: normal; font-weight: 400; letter-spacing: normal; orphans: 2; text-align: left; text-indent: 0px; text-transform: none; widows: 2; word-spacing: 0px; -webkit-text-stroke-width: 0px; white-space: normal; background-color: #ffffff; text-decoration-thickness: initial; text-decoration-style: initial; text-decoration-color: initial; padding: 0cm;\"><span style=\"font-size: 12px;\"><span style=\"font-family: Verdana;\">Durch seinen Tod verlieren wir einen treuen Freund unserer Volks- und Blasmusik.<\/span><\/span><\/p>\n<p style=\"color: #555555; font-family: Verdana, Helvetica, sans-serif; font-size: 13px; font-style: normal; font-variant-ligatures: normal; font-variant-caps: normal; font-weight: 400; letter-spacing: normal; orphans: 2; text-align: left; text-indent: 0px; text-transform: none; widows: 2; word-spacing: 0px; -webkit-text-stroke-width: 0px; white-space: normal; background-color: #ffffff; text-decoration-thickness: initial; text-decoration-style: initial; text-decoration-color: initial; padding: 0cm;\"><span style=\"font-size: 12px;\"><span style=\"font-family: Verdana;\">Vom Blasmusikverband Baden- W\u00fcrttemberg wurde er mit der silbernen und goldenen Ehrennadel ausgezeichnet. Im Jahr 2009 wurde er aufgrund seiner Mitgliedschaft und seiner Verdienste um den Musikverein zum Ehrenmitglied ernannt.<\/span><\/span><\/p>\n<p style=\"color: #555555; font-family: Verdana, Helvetica, sans-serif; font-size: 13px; font-style: normal; font-variant-ligatures: normal; font-variant-caps: normal; font-weight: 400; letter-spacing: normal; orphans: 2; text-align: left; text-indent: 0px; text-transform: none; widows: 2; word-spacing: 0px; -webkit-text-stroke-width: 0px; white-space: normal; background-color: #ffffff; text-decoration-thickness: initial; text-decoration-style: initial; text-decoration-color: initial; padding: 0cm;\"><span style=\"font-size: 12px;\"><span style=\"font-family: Verdana;\">Im Namen der Trachtenkapelle sprach Ludwig Sch\u00e4ffner den Hinterbliebenen unser aufrichtiges Beileid und Mitgef\u00fchl aus.<\/span><\/span><\/p>\n<p style=\"color: #555555; font-family: Verdana, Helvetica, sans-serif; font-size: 13px; font-style: normal; font-variant-ligatures: normal; font-variant-caps: normal; font-weight: 400; letter-spacing: normal; orphans: 2; text-align: left; text-indent: 0px; text-transform: none; widows: 2; word-spacing: 0px; -webkit-text-stroke-width: 0px; white-space: normal; background-color: #ffffff; text-decoration-thickness: initial; text-decoration-style: initial; text-decoration-color: initial; padding: 0cm;\"><span style=\"font-size: 12px;\"><span style=\"font-family: Verdana;\">Mit einem letzten Gru\u00df haben die aktiven Mitglieder des Musikvereins vergangenen Donnerstag, dem 13. M\u00e4rz 2014 das erste Seelenamt musikalisch umrahmt.<\/span><\/span><\/p>\n<p style=\"color: #555555; font-family: Verdana, Helvetica, sans-serif; font-size: 13px; font-style: normal; font-variant-ligatures: normal; font-variant-caps: normal; font-weight: 400; letter-spacing: normal; orphans: 2; text-align: left; text-indent: 0px; text-transform: none; widows: 2; word-spacing: 0px; -webkit-text-stroke-width: 0px; white-space: normal; background-color: #ffffff; text-decoration-thickness: initial; text-decoration-style: initial; text-decoration-color: initial; padding: 0cm;\"><span style=\"font-size: 12px;\"><span style=\"font-family: Verdana;\">Die Trachtenkapelle Harmonie Malschenberg wird Herrn Alfons Beigel ein ehrendes Andenken bewahren. M\u00f6ge Gott ihm die ewige Ruhe geben.<\/span><\/span><\/p>\n<\/div><\/div><\/div><\/div><\/div>\n","protected":false},"excerpt":{"rendered":"","protected":false},"author":1,"featured_media":0,"comment_status":"closed","ping_status":"closed","sticky":false,"template":"","format":"standard","meta":{"footnotes":""},"categories":[46],"tags":[],"class_list":["post-4734","post","type-post","status-publish","format-standard","hentry","category-vereinsnachrichten-2014"],"_links":{"self":[{"href":"https:\/\/mv-malschenberg.de\/index.php\/wp-json\/wp\/v2\/posts\/4734","targetHints":{"allow":["GET"]}}],"collection":[{"href":"https:\/\/mv-malschenberg.de\/index.php\/wp-json\/wp\/v2\/posts"}],"about":[{"href":"https:\/\/mv-malschenberg.de\/index.php\/wp-json\/wp\/v2\/types\/post"}],"author":[{"embeddable":true,"href":"https:\/\/mv-malschenberg.de\/index.php\/wp-json\/wp\/v2\/users\/1"}],"replies":[{"embeddable":true,"href":"https:\/\/mv-malschenberg.de\/index.php\/wp-json\/wp\/v2\/comments?post=4734"}],"version-history":[{"count":9,"href":"https:\/\/mv-malschenberg.de\/index.php\/wp-json\/wp\/v2\/posts\/4734\/revisions"}],"predecessor-version":[{"id":26823,"href":"https:\/\/mv-malschenberg.de\/index.php\/wp-json\/wp\/v2\/posts\/4734\/revisions\/26823"}],"wp:attachment":[{"href":"https:\/\/mv-malschenberg.de\/index.php\/wp-json\/wp\/v2\/media?parent=4734"}],"wp:term":[{"taxonomy":"category","embeddable":true,"href":"https:\/\/mv-malschenberg.de\/index.php\/wp-json\/wp\/v2\/categories?post=4734"},{"taxonomy":"post_tag","embeddable":true,"href":"https:\/\/mv-malschenberg.de\/index.php\/wp-json\/wp\/v2\/tags?post=4734"}],"curies":[{"name":"wp","href":"https:\/\/api.w.org\/{rel}","templated":true}]}}