{"id":4730,"date":"2014-03-18T11:34:38","date_gmt":"2014-03-18T11:34:38","guid":{"rendered":"https:\/\/web32941.greatnet-hosting.de\/?p=4730"},"modified":"2026-03-25T06:45:34","modified_gmt":"2026-03-25T05:45:34","slug":"vorstandschaft-fuer-zwei-weitere-jahre-bestaetigt","status":"publish","type":"post","link":"https:\/\/mv-malschenberg.de\/index.php\/2014\/03\/18\/vorstandschaft-fuer-zwei-weitere-jahre-bestaetigt\/","title":{"rendered":"Vorstandschaft f\u00fcr zwei weitere Jahre best\u00e4tigt"},"content":{"rendered":"\n<div class=\"et_pb_section_0 et_pb_section et_section_regular et_block_section\"><div class=\"et_pb_row_0 et_pb_row et_block_row\"><div class=\"et_pb_column_0 et_pb_column et_pb_column_4_4 et-last-child et_block_column et_pb_css_mix_blend_mode_passthrough\"><div class=\"et_pb_text_0 et_pb_text et_pb_bg_layout_light et_pb_module et_block_module\"><div class=\"et_pb_text_inner\"><p style=\"color: #555555; font-family: Verdana, Helvetica, sans-serif; font-size: 13px; font-style: normal; font-variant-ligatures: normal; font-variant-caps: normal; font-weight: 400; letter-spacing: normal; orphans: 2; text-align: left; text-indent: 0px; text-transform: none; widows: 2; word-spacing: 0px; -webkit-text-stroke-width: 0px; white-space: normal; background-color: #ffffff; text-decoration-thickness: initial; text-decoration-style: initial; text-decoration-color: initial;\"><span style=\"font-size: 12px;\"><span style=\"font-family: Verdana;\">\u00a0<span>\u00a0<\/span><span style=\"font-size: 14px;\"><strong>D<\/strong><\/span>ie Trachtenkapelle Malschenberg hatte am 16.3.2014 zu ihrer Jahreshauptversammlung im Untergeschoss der Brunnenberghalle eingeladen. Wie es sich f\u00fcr einen Musikverein geh\u00f6rt, wurde die Versammlung mit einem herzhaften Marsch, dem \u201eEgerl\u00e4nder Musikantenmarsch\u201c, er\u00f6ffnet.<\/span><\/span><\/p>\n<p style=\"color: #555555; font-family: Verdana, Helvetica, sans-serif; font-size: 13px; font-style: normal; font-variant-ligatures: normal; font-variant-caps: normal; font-weight: 400; letter-spacing: normal; orphans: 2; text-align: left; text-indent: 0px; text-transform: none; widows: 2; word-spacing: 0px; -webkit-text-stroke-width: 0px; white-space: normal; background-color: #ffffff; text-decoration-thickness: initial; text-decoration-style: initial; text-decoration-color: initial;\"><span style=\"font-size: 12px;\"><span style=\"font-family: Verdana;\">Erster Vorsitzender R\u00fcdiger Knopf durfte die anwesenden Mitglieder im Untergeschoss der Brunnenberghalle begr\u00fc\u00dfen. Ehrend gedachte die Versammlung den im Berichtsjahr verstorbenen Mitgliedern, Arnold Kreuz, Werner \u00d6stringer, Wolfgang Bayer und Alfons Beigel. Die Blaskapelle umrahmte die Totenehrung mit dem Lied \u201eIch hatt' einen Kameraden\u201c.<\/span><\/span><\/p>\n<p style=\"color: #555555; font-family: Verdana, Helvetica, sans-serif; font-size: 13px; font-style: normal; font-variant-ligatures: normal; font-variant-caps: normal; font-weight: 400; letter-spacing: normal; orphans: 2; text-align: left; text-indent: 0px; text-transform: none; widows: 2; word-spacing: 0px; -webkit-text-stroke-width: 0px; white-space: normal; background-color: #ffffff; text-decoration-thickness: initial; text-decoration-style: initial; text-decoration-color: initial;\"><span style=\"font-size: 12px;\"><span style=\"font-family: Verdana;\">In seinem Rechenschaftsbericht blickte der 1. Vorsitzende R\u00fcdiger Knopf auf das im letzten Jahr sehr erfolgreiche Konzert zur\u00fcck. Zus\u00e4tzliche Termine wie der Auftritt bei der BAUMA in M\u00fcnchen und die Verabschiedung der US Army in Heidelberg f\u00fcllten das arbeitsreiche Jahr noch zus\u00e4tzlich. Mit Blick auf die nachfolgenden Neuwahlen k\u00fcndigte er an, dass er sich noch ein letztes Mal als erster Vorsitzender zur Wahl stellen werde, aber danach sei Schluss. Eine weitere Amtsperiode komme f\u00fcr Ihn danach nicht mehr in Frage.<\/span><\/span><\/p>\n<p style=\"color: #555555; font-family: Verdana, Helvetica, sans-serif; font-size: 13px; font-style: normal; font-variant-ligatures: normal; font-variant-caps: normal; font-weight: 400; letter-spacing: normal; orphans: 2; text-align: left; text-indent: 0px; text-transform: none; widows: 2; word-spacing: 0px; -webkit-text-stroke-width: 0px; white-space: normal; background-color: #ffffff; text-decoration-thickness: initial; text-decoration-style: initial; text-decoration-color: initial;\"><span style=\"font-size: 12px;\"><span style=\"font-family: Verdana;\">Der Schriftf\u00fchrer Michael Rieger lies nochmals alle im Berichtsjahr stattgefundenen Aktivit\u00e4ten Revue passieren und dem Bericht des Kassiers R\u00fcdiger R\u00f6ssler war zu entnehmen, dass der Verein ein solides Plus vorzuweisen habe. Der Revisor Ludwig Sch\u00e4ffner bescheinigte den Kassierern R\u00fcdiger R\u00f6ssler und Rainer Knopf vorbildliche Kassengesch\u00e4fte und schlug deren Entlastung vor. Erich Merklinger lobte seine Musiker f\u00fcr die geleistete Arbeit bei Auftritten und den Proben und er bedankte sich f\u00fcr die hervorragende Leistung beim Konzert im letzten Mai. F\u00fcr die Zukunft plane er weitere neue Musikst\u00fccke, die das Gesangsrepertoire weiter erweitern.<\/span><\/span><\/p>\n<p style=\"color: #555555; font-family: Verdana, Helvetica, sans-serif; font-size: 13px; font-style: normal; font-variant-ligatures: normal; font-variant-caps: normal; font-weight: 400; letter-spacing: normal; orphans: 2; text-align: left; text-indent: 0px; text-transform: none; widows: 2; word-spacing: 0px; -webkit-text-stroke-width: 0px; white-space: normal; background-color: #ffffff; text-decoration-thickness: initial; text-decoration-style: initial; text-decoration-color: initial;\"><span style=\"font-size: 12px;\"><span style=\"font-family: Verdana;\">G\u00fcnther Rauchmann vom Blasmusikverband Rhein-Neckar durfte dann Jessica M\u00fcller f\u00fcr 10 Jahre und Lukas Schaffner f\u00fcr 20 Jahre aktive T\u00e4tigkeit ehren. Dem ersten Vorsitzenden R\u00fcdiger Knopf und dem Schriftf\u00fchrer Michael Rieger \u00fcberreichte er jeweils eine Urkunde und die F\u00f6rdermedaille in Bronze f\u00fcr ihre \u00fcber 10-j\u00e4hrige T\u00e4tigkeit im Vorstand.<\/span><\/span><\/p>\n<p style=\"color: #555555; font-family: Verdana, Helvetica, sans-serif; font-size: 13px; font-style: normal; font-variant-ligatures: normal; font-variant-caps: normal; font-weight: 400; letter-spacing: normal; orphans: 2; text-align: left; text-indent: 0px; text-transform: none; widows: 2; word-spacing: 0px; -webkit-text-stroke-width: 0px; white-space: normal; background-color: #ffffff; text-decoration-thickness: initial; text-decoration-style: initial; text-decoration-color: initial;\"><span style=\"font-size: 12px;\"><span style=\"font-family: Verdana;\">Vorsitzender R\u00fcdiger Knopf nahm die Ehrungen f\u00fcr die f\u00f6rdernden Mitglieder vor. Eine Ehrung f\u00fcr 10 Jahre und damit die Nadel in Bronze erhielt Brit Lacroute, f\u00fcr 20 Jahre und der Nadel in Silber wurden Klaus F\u00f6rderer, Michael Ihle, Karl-Heinz Ittemann, Martin Leyer, Eduard Koppitz und Helmut M\u00fcller geehrt. F\u00fcr 30 Jahre und mit der goldenen Nadel geehrt wurden Erich Willhauk und Klaus Izzo. Zum Ehrenmitglied auf Grund ihrer 40-j\u00e4hrigen Vereinstreue wurden Alois Bender, Gertrud Gerner, Werner Kretz und Michael Rieger ernannt. F\u00fcr 50-j\u00e4hrige Vereinstreue erhielten J\u00fcrgen Braun, Erwin Diebold, Klaus Herrmann, Anne Pfahler und Peter Seltenreich eine Urkunde. Als Dank und Anerkennung f\u00fcr besondere Verdienste wurde Herr Jesus Farinas ebenso zum Ehrenmitglied ernannt.<\/span><\/span><\/p>\n<p style=\"color: #555555; font-family: Verdana, Helvetica, sans-serif; font-size: 13px; font-style: normal; font-variant-ligatures: normal; font-variant-caps: normal; font-weight: 400; letter-spacing: normal; orphans: 2; text-align: left; text-indent: 0px; text-transform: none; widows: 2; word-spacing: 0px; -webkit-text-stroke-width: 0px; white-space: normal; background-color: #ffffff; text-decoration-thickness: initial; text-decoration-style: initial; text-decoration-color: initial;\"><span style=\"font-size: 12px;\"><span style=\"font-family: Verdana;\">Die Entlastung der Vorstandschaft nahm Hugo Seltenreich vor. Sein Antrag wurde einstimmig angenommen.<\/span><\/span><\/p>\n<p style=\"color: #555555; font-family: Verdana, Helvetica, sans-serif; font-size: 13px; font-style: normal; font-variant-ligatures: normal; font-variant-caps: normal; font-weight: 400; letter-spacing: normal; orphans: 2; text-align: left; text-indent: 0px; text-transform: none; widows: 2; word-spacing: 0px; -webkit-text-stroke-width: 0px; white-space: normal; background-color: #ffffff; text-decoration-thickness: initial; text-decoration-style: initial; text-decoration-color: initial;\"><span style=\"font-size: 12px;\"><span style=\"font-family: Verdana;\">Somit stand den Neuwahlen nichts mehr im Wege. Allerdings verk\u00fcndete der zweite Vorsitzende Rainer Gerner, dass er ebenso wie der erste Vorsitzende nur noch f\u00fcr dieses Mal kandidieren werde und er danach nicht mehr zur Wiederwahl zur Verf\u00fcgung st\u00fcnde. Die Wahlen wurden dann im Eiltempo durchgef\u00fchrt. Alter und neuer 1. Vorsitzender ist R\u00fcdiger Knopf, 2. Vorsitzender weiterhin Rainer Gerner und Schriftf\u00fchrer bleibt Michael Rieger. Die beiden Kassierer R\u00fcdiger R\u00f6ssler und Rainer Knopf wurden ebenfalls in ihrem Amt best\u00e4tigt. Die Beir\u00e4te und Kassenpr\u00fcfer wurden ebenso schnell gefunden und die Wahlen konnten abgeschlossen werden. Der Schriftf\u00fchrer Michael Rieger bat beim Punkt Verschiedenes noch alle Mitglieder ihre E-Mailadressen bekannt zu geben, damit man zuk\u00fcnftig auch \u00fcber dieses Medium kommunizieren k\u00f6nne. Da keine weiteren Punkte zu behandeln waren, schloss R\u00fcdiger Knopf die Versammlung und \u00fcberlie\u00df der Kapelle das Feld.<\/span><\/span><\/p>\n<p style=\"color: #555555; font-family: Verdana, Helvetica, sans-serif; font-size: 13px; font-style: normal; font-variant-ligatures: normal; font-variant-caps: normal; font-weight: 400; letter-spacing: normal; orphans: 2; text-align: left; text-indent: 0px; text-transform: none; widows: 2; word-spacing: 0px; -webkit-text-stroke-width: 0px; white-space: normal; background-color: #ffffff; text-decoration-thickness: initial; text-decoration-style: initial; text-decoration-color: initial;\"><span style=\"font-size: 12px;\"><span style=\"font-family: Verdana;\">MR<\/span><\/span><\/p>\n<\/div><\/div><\/div><\/div><\/div>\n","protected":false},"excerpt":{"rendered":"","protected":false},"author":1,"featured_media":0,"comment_status":"closed","ping_status":"closed","sticky":false,"template":"","format":"standard","meta":{"footnotes":""},"categories":[46],"tags":[],"class_list":["post-4730","post","type-post","status-publish","format-standard","hentry","category-vereinsnachrichten-2014"],"_links":{"self":[{"href":"https:\/\/mv-malschenberg.de\/index.php\/wp-json\/wp\/v2\/posts\/4730","targetHints":{"allow":["GET"]}}],"collection":[{"href":"https:\/\/mv-malschenberg.de\/index.php\/wp-json\/wp\/v2\/posts"}],"about":[{"href":"https:\/\/mv-malschenberg.de\/index.php\/wp-json\/wp\/v2\/types\/post"}],"author":[{"embeddable":true,"href":"https:\/\/mv-malschenberg.de\/index.php\/wp-json\/wp\/v2\/users\/1"}],"replies":[{"embeddable":true,"href":"https:\/\/mv-malschenberg.de\/index.php\/wp-json\/wp\/v2\/comments?post=4730"}],"version-history":[{"count":10,"href":"https:\/\/mv-malschenberg.de\/index.php\/wp-json\/wp\/v2\/posts\/4730\/revisions"}],"predecessor-version":[{"id":26824,"href":"https:\/\/mv-malschenberg.de\/index.php\/wp-json\/wp\/v2\/posts\/4730\/revisions\/26824"}],"wp:attachment":[{"href":"https:\/\/mv-malschenberg.de\/index.php\/wp-json\/wp\/v2\/media?parent=4730"}],"wp:term":[{"taxonomy":"category","embeddable":true,"href":"https:\/\/mv-malschenberg.de\/index.php\/wp-json\/wp\/v2\/categories?post=4730"},{"taxonomy":"post_tag","embeddable":true,"href":"https:\/\/mv-malschenberg.de\/index.php\/wp-json\/wp\/v2\/tags?post=4730"}],"curies":[{"name":"wp","href":"https:\/\/api.w.org\/{rel}","templated":true}]}}