{"id":4679,"date":"2014-06-01T11:19:22","date_gmt":"2014-06-01T11:19:22","guid":{"rendered":"https:\/\/web32941.greatnet-hosting.de\/?p=4679"},"modified":"2026-03-25T06:46:04","modified_gmt":"2026-03-25T05:46:04","slug":"trauer-um-beck-kuno","status":"publish","type":"post","link":"https:\/\/mv-malschenberg.de\/index.php\/2014\/06\/01\/trauer-um-beck-kuno\/","title":{"rendered":"Trauer um Beck Kuno"},"content":{"rendered":"\n<div class=\"et_pb_section_0 et_pb_section et_section_regular et_block_section\"><div class=\"et_pb_row_0 et_pb_row et_block_row\"><div class=\"et_pb_column_0 et_pb_column et_pb_column_4_4 et-last-child et_block_column et_pb_css_mix_blend_mode_passthrough\"><div class=\"et_pb_text_0 et_pb_text et_pb_bg_layout_light et_pb_module et_block_module\"><div class=\"et_pb_text_inner\"><p style=\"color: #555555; font-family: Verdana, Helvetica, sans-serif; font-size: 13px; font-style: normal; font-variant-ligatures: normal; font-variant-caps: normal; font-weight: 400; letter-spacing: normal; orphans: 2; text-align: left; text-indent: 0px; text-transform: none; widows: 2; word-spacing: 0px; -webkit-text-stroke-width: 0px; white-space: normal; background-color: #ffffff; text-decoration-thickness: initial; text-decoration-style: initial; text-decoration-color: initial; padding: 0cm;\">\u00a0<span style=\"font-size: 14px;\"><strong>D<\/strong><\/span>er Musikverein Trachtenkapelle Harmonie Malschenberg hat mit Trauer und Betroffenheit den Tod unseres Ehrenmitglied Herrn Kuno Beck vernommen. \u00a0<\/p>\n<p style=\"color: #555555; font-family: Verdana, Helvetica, sans-serif; font-size: 13px; font-style: normal; font-variant-ligatures: normal; font-variant-caps: normal; font-weight: 400; letter-spacing: normal; orphans: 2; text-align: left; text-indent: 0px; text-transform: none; widows: 2; word-spacing: 0px; -webkit-text-stroke-width: 0px; white-space: normal; background-color: #ffffff; text-decoration-thickness: initial; text-decoration-style: initial; text-decoration-color: initial; padding: 0cm;\"><span style=\"font-size: 12px;\"><span style=\"font-family: Verdana;\">Herr Beck trat im Jahre 1962 dem Musikverein Malschenberg als f\u00f6rderndes Mitglied bei und obwohl er in M\u00fchlhausen wohnte, hielt er sich immer auf dem Laufenden und f\u00fchlte sich mit den Vereinen in Malschenberg verbunden.<\/span><\/span><\/p>\n<p style=\"color: #555555; font-family: Verdana, Helvetica, sans-serif; font-size: 13px; font-style: normal; font-variant-ligatures: normal; font-variant-caps: normal; font-weight: 400; letter-spacing: normal; orphans: 2; text-align: left; text-indent: 0px; text-transform: none; widows: 2; word-spacing: 0px; -webkit-text-stroke-width: 0px; white-space: normal; background-color: #ffffff; text-decoration-thickness: initial; text-decoration-style: initial; text-decoration-color: initial; padding: 0cm;\"><span style=\"font-size: 12px;\"><span style=\"font-family: Verdana;\">Vom Blasmusikverband Baden- W\u00fcrttemberg wurde er mit der silbernen und goldenen Ehrennadel ausgezeichnet. Im Jahre 2002 wurde er aufgrund seiner langj\u00e4hrigen Mitgliedschaft uns seiner Verdienste um den Musikverein zum Ehrenmitglied ernannt. Durch seinen Tod verlieren wir einen treuen Freund unserer Volks- und Blasmusik.<\/span><\/span><\/p>\n<p style=\"color: #555555; font-family: Verdana, Helvetica, sans-serif; font-size: 13px; font-style: normal; font-variant-ligatures: normal; font-variant-caps: normal; font-weight: 400; letter-spacing: normal; orphans: 2; text-align: left; text-indent: 0px; text-transform: none; widows: 2; word-spacing: 0px; -webkit-text-stroke-width: 0px; white-space: normal; background-color: #ffffff; text-decoration-thickness: initial; text-decoration-style: initial; text-decoration-color: initial; padding: 0cm;\"><span style=\"font-size: 12px;\"><span style=\"font-family: Verdana;\">Vereinsmitglied Ludwig Sch\u00e4ffner sprach im Namen der Trachtenkapelle den Hinterbliebenen unser aufrichtiges Beileid und Mitgef\u00fchl aus. Er bedankte sich ein letztes Mal f\u00fcr die Verbundenheit zu unserem Verein.<\/span><\/span><\/p>\n<p style=\"color: #555555; font-family: Verdana, Helvetica, sans-serif; font-size: 13px; font-style: normal; font-variant-ligatures: normal; font-variant-caps: normal; font-weight: 400; letter-spacing: normal; orphans: 2; text-align: left; text-indent: 0px; text-transform: none; widows: 2; word-spacing: 0px; -webkit-text-stroke-width: 0px; white-space: normal; background-color: #ffffff; text-decoration-thickness: initial; text-decoration-style: initial; text-decoration-color: initial; padding: 0cm;\"><span style=\"font-size: 12px;\"><span style=\"font-family: Verdana;\">Als \u00e4u\u00dferes Zeichen der Trauer legte er an seiner Bahre ein Blumengebinde nieder. Mit einem letzten musikalischen Gru\u00df werden die aktiven Mitglieder des Musikvereins eines der n\u00e4chsten Seelen\u00e4mter zu Ehren des Verstorbenen musikalisch umrahmen.<\/span><\/span><\/p>\n<p style=\"color: #555555; font-family: Verdana, Helvetica, sans-serif; font-size: 13px; font-style: normal; font-variant-ligatures: normal; font-variant-caps: normal; font-weight: 400; letter-spacing: normal; orphans: 2; text-align: left; text-indent: 0px; text-transform: none; widows: 2; word-spacing: 0px; -webkit-text-stroke-width: 0px; white-space: normal; background-color: #ffffff; text-decoration-thickness: initial; text-decoration-style: initial; text-decoration-color: initial; padding: 0cm;\"><span style=\"font-size: 12px;\"><span style=\"font-family: Verdana;\">Die Trachtenkapelle Harmonie e. V. Malschenberg wird Herrn Kuno Beck ein ehrendes Andenken bewahren. M\u00f6ge Gott ihm die ewige Ruhe geben.<\/span><\/span><\/p>\n<\/div><\/div><\/div><\/div><\/div>\n","protected":false},"excerpt":{"rendered":"","protected":false},"author":1,"featured_media":0,"comment_status":"closed","ping_status":"closed","sticky":false,"template":"","format":"standard","meta":{"footnotes":""},"categories":[46],"tags":[],"class_list":["post-4679","post","type-post","status-publish","format-standard","hentry","category-vereinsnachrichten-2014"],"_links":{"self":[{"href":"https:\/\/mv-malschenberg.de\/index.php\/wp-json\/wp\/v2\/posts\/4679","targetHints":{"allow":["GET"]}}],"collection":[{"href":"https:\/\/mv-malschenberg.de\/index.php\/wp-json\/wp\/v2\/posts"}],"about":[{"href":"https:\/\/mv-malschenberg.de\/index.php\/wp-json\/wp\/v2\/types\/post"}],"author":[{"embeddable":true,"href":"https:\/\/mv-malschenberg.de\/index.php\/wp-json\/wp\/v2\/users\/1"}],"replies":[{"embeddable":true,"href":"https:\/\/mv-malschenberg.de\/index.php\/wp-json\/wp\/v2\/comments?post=4679"}],"version-history":[{"count":10,"href":"https:\/\/mv-malschenberg.de\/index.php\/wp-json\/wp\/v2\/posts\/4679\/revisions"}],"predecessor-version":[{"id":26837,"href":"https:\/\/mv-malschenberg.de\/index.php\/wp-json\/wp\/v2\/posts\/4679\/revisions\/26837"}],"wp:attachment":[{"href":"https:\/\/mv-malschenberg.de\/index.php\/wp-json\/wp\/v2\/media?parent=4679"}],"wp:term":[{"taxonomy":"category","embeddable":true,"href":"https:\/\/mv-malschenberg.de\/index.php\/wp-json\/wp\/v2\/categories?post=4679"},{"taxonomy":"post_tag","embeddable":true,"href":"https:\/\/mv-malschenberg.de\/index.php\/wp-json\/wp\/v2\/tags?post=4679"}],"curies":[{"name":"wp","href":"https:\/\/api.w.org\/{rel}","templated":true}]}}