{"id":4446,"date":"2015-09-07T09:05:14","date_gmt":"2015-09-07T09:05:14","guid":{"rendered":"https:\/\/web32941.greatnet-hosting.de\/?p=4446"},"modified":"2026-03-25T06:48:22","modified_gmt":"2026-03-25T05:48:22","slug":"rueckblick-geburtstagskinder-im-august-2015","status":"publish","type":"post","link":"https:\/\/mv-malschenberg.de\/index.php\/2015\/09\/07\/rueckblick-geburtstagskinder-im-august-2015\/","title":{"rendered":"R\u00fcckblick Geburtstagskinder im August 2015"},"content":{"rendered":"\n<div class=\"et_pb_section_0 et_pb_section et_section_regular et_block_section\"><div class=\"et_pb_row_0 et_pb_row et_block_row\"><div class=\"et_pb_column_0 et_pb_column et_pb_column_4_4 et-last-child et_block_column et_pb_css_mix_blend_mode_passthrough\"><div class=\"et_pb_text_0 et_pb_text et_pb_bg_layout_light et_pb_module et_block_module\"><div class=\"et_pb_text_inner\"><p style=\"color: #555555; font-family: Verdana, Helvetica, sans-serif; font-size: 13px; font-style: normal; font-variant-ligatures: normal; font-variant-caps: normal; font-weight: 400; letter-spacing: normal; orphans: 2; text-align: left; text-indent: 0px; text-transform: none; widows: 2; word-spacing: 0px; -webkit-text-stroke-width: 0px; white-space: normal; background-color: #ffffff; text-decoration-thickness: initial; text-decoration-style: initial; text-decoration-color: initial;\"><span style=\"font-size: 12px;\"><span style=\"font-family: Verdana;\">\u00a0<span>\u00a0<\/span><span style=\"font-size: 14px;\"><strong>A<\/strong><\/span>m Montag, dem\u00a0 10. August 2015 durfte unser langj\u00e4hriges Mitglied Herrn<span>\u00a0<\/span><strong>Artur Maag<span>\u00a0<\/span><\/strong>sein<span>\u00a0<\/span><strong>80. Wiegenfest<\/strong><span>\u00a0<\/span>begehen. Am Abend folgten die Aktiven des Musikvereins der Einladung in die Blumenstra\u00dfe, um dem seit fast 30 Jahren f\u00f6rderndem Mitglied mit einem musikalischen St\u00e4ndchen aufzuspielen. Zweiter Vorsitzender Rainer Gerner gratulierte im Namen der Trachtenkapelle und \u00fcberreichte ein Pr\u00e4sent mit den herzlichsten Gl\u00fcckw\u00fcnschen. Herr Maag war sichtlich erfreut, bedankte sich mit einer gro\u00dfz\u00fcgigen Vereinsspende und lud die Musiker zum Umtrunk und Imbiss ein. \u00a0<\/span><\/span><\/p>\n<p style=\"color: #555555; font-family: Verdana, Helvetica, sans-serif; font-size: 13px; font-style: normal; font-variant-ligatures: normal; font-variant-caps: normal; font-weight: 400; letter-spacing: normal; orphans: 2; text-align: left; text-indent: 0px; text-transform: none; widows: 2; word-spacing: 0px; -webkit-text-stroke-width: 0px; white-space: normal; background-color: #ffffff; text-decoration-thickness: initial; text-decoration-style: initial; text-decoration-color: initial;\"><span style=\"font-size: 12px;\"><span style=\"font-family: Verdana;\">\u00a0<span>\u00a0<\/span><span style=\"font-size: 14px;\"><strong>A<\/strong><\/span>m letzten Montag im August, dem\u00a0 31.08.15 \u00a0durfte unser f\u00f6rderndes Mitglied Frau<span>\u00a0<\/span><strong>Brigitte R\u00f6ssler<span>\u00a0<\/span><\/strong>ihren<span>\u00a0<\/span><strong>65. Geburtstag<span>\u00a0<\/span><\/strong>feiern. Zweiter Vorsitzender Rainer Gerner und Verwaltungsmitglied Christa Sch\u00e4ffner machten sich auf den Weg in die Schubertstra\u00dfe. Sie gratulierten mit den herzlichsten Gl\u00fcckw\u00fcnschen und einem Pr\u00e4sent der Trachtenkapelle. Frau R\u00f6ssler war sehr erfreut \u00fcber den Besuch, bedankte sich mit einer gro\u00dfz\u00fcgigen Vereinsspende und lud zum geselligen Grillabend ein.<\/span><\/span><\/p>\n<p style=\"color: #555555; font-family: Verdana, Helvetica, sans-serif; font-size: 13px; font-style: normal; font-variant-ligatures: normal; font-variant-caps: normal; font-weight: 400; letter-spacing: normal; orphans: 2; text-align: left; text-indent: 0px; text-transform: none; widows: 2; word-spacing: 0px; -webkit-text-stroke-width: 0px; white-space: normal; background-color: #ffffff; text-decoration-thickness: initial; text-decoration-style: initial; text-decoration-color: initial;\"><span style=\"font-size: 12px;\"><span style=\"font-family: Verdana;\">Der Musikverein Trachtenkapelle Harmonie Malschenberg w\u00fcnscht beiden Jubilaren f\u00fcr deren weiteren Lebensweg nochmals alles erdenklich Gute sowie beste Gesundheit und bedankt sich f\u00fcr die Vereinsspenden sowie die freundliche Bewirtungen unserer Gratulanten.<\/span><\/span><\/p>\n<\/div><\/div><\/div><\/div><\/div>\n","protected":false},"excerpt":{"rendered":"","protected":false},"author":1,"featured_media":0,"comment_status":"closed","ping_status":"closed","sticky":false,"template":"","format":"standard","meta":{"footnotes":""},"categories":[45],"tags":[],"class_list":["post-4446","post","type-post","status-publish","format-standard","hentry","category-vereinsnachrichten-2015"],"_links":{"self":[{"href":"https:\/\/mv-malschenberg.de\/index.php\/wp-json\/wp\/v2\/posts\/4446","targetHints":{"allow":["GET"]}}],"collection":[{"href":"https:\/\/mv-malschenberg.de\/index.php\/wp-json\/wp\/v2\/posts"}],"about":[{"href":"https:\/\/mv-malschenberg.de\/index.php\/wp-json\/wp\/v2\/types\/post"}],"author":[{"embeddable":true,"href":"https:\/\/mv-malschenberg.de\/index.php\/wp-json\/wp\/v2\/users\/1"}],"replies":[{"embeddable":true,"href":"https:\/\/mv-malschenberg.de\/index.php\/wp-json\/wp\/v2\/comments?post=4446"}],"version-history":[{"count":10,"href":"https:\/\/mv-malschenberg.de\/index.php\/wp-json\/wp\/v2\/posts\/4446\/revisions"}],"predecessor-version":[{"id":26896,"href":"https:\/\/mv-malschenberg.de\/index.php\/wp-json\/wp\/v2\/posts\/4446\/revisions\/26896"}],"wp:attachment":[{"href":"https:\/\/mv-malschenberg.de\/index.php\/wp-json\/wp\/v2\/media?parent=4446"}],"wp:term":[{"taxonomy":"category","embeddable":true,"href":"https:\/\/mv-malschenberg.de\/index.php\/wp-json\/wp\/v2\/categories?post=4446"},{"taxonomy":"post_tag","embeddable":true,"href":"https:\/\/mv-malschenberg.de\/index.php\/wp-json\/wp\/v2\/tags?post=4446"}],"curies":[{"name":"wp","href":"https:\/\/api.w.org\/{rel}","templated":true}]}}