{"id":4422,"date":"2015-11-09T08:57:23","date_gmt":"2015-11-09T08:57:23","guid":{"rendered":"https:\/\/web32941.greatnet-hosting.de\/?p=4422"},"modified":"2026-03-25T06:48:36","modified_gmt":"2026-03-25T05:48:36","slug":"1-auftritt-oktoberfest-in-baiertal-2015","status":"publish","type":"post","link":"https:\/\/mv-malschenberg.de\/index.php\/2015\/11\/09\/1-auftritt-oktoberfest-in-baiertal-2015\/","title":{"rendered":"1.Auftritt Oktoberfest in Baiertal 2015"},"content":{"rendered":"\n<div class=\"et_pb_section_0 et_pb_section et_section_regular et_block_section\"><div class=\"et_pb_row_0 et_pb_row et_block_row\"><div class=\"et_pb_column_0 et_pb_column et_pb_column_4_4 et-last-child et_block_column et_pb_css_mix_blend_mode_passthrough\"><div class=\"et_pb_text_0 et_pb_text et_pb_bg_layout_light et_pb_module et_block_module\"><div class=\"et_pb_text_inner\"><p style=\"color: #555555; font-family: Verdana, Helvetica, sans-serif; font-size: 13px; font-style: normal; font-variant-ligatures: normal; font-variant-caps: normal; font-weight: 400; letter-spacing: normal; orphans: 2; text-align: left; text-indent: 0px; text-transform: none; widows: 2; word-spacing: 0px; -webkit-text-stroke-width: 0px; white-space: normal; background-color: #ffffff; text-decoration-thickness: initial; text-decoration-style: initial; text-decoration-color: initial;\"><strong><span style=\"font-size: 14px;\">\u00a0 A<\/span><\/strong><span style=\"font-size: 12px;\"><span style=\"font-family: Verdana;\">m Samstag, dem 7. November 2015 war die aktive Mannschaft der Trachtenkapelle zu Gast beim Musikverein in Baiertal. Das 1.Oktoberfest sollte was Besonderes werden, deshalb \u00fcberlegten wir nicht lange und folgten der Einladung, um unter anderem das Rahmenprogramm zu unterst\u00fctzen und f\u00fcr musikalische Stimmung zu sorgen. Um 22.00 Uhr konnten wir nach einer Umbauphase den Musikverein aus Nu\u00dfloch auf der B\u00fchne abl\u00f6sen und durch unsere stimmungsvollen Darbietungen den Abend f\u00fcr uns gewinnen. Die gro\u00dfe Besucherschar wurde im bayrisch geschm\u00fcckten kath. Gemeindehaus mit Oktoberfestmusik unter der Leitung unseres Dirigenten Erich Merklinger und unserem Gesangstrio R\u00fcdiger, Erich und Rainer gekonnt unterhalten. Das Publikum bildete mit der Kapelle eine Einheit und mit der Auswahl unserer Musikst\u00fccke wurde die Gaudi perfekt. Die Stimmung erreichte mit Rock mi, F\u00fcrstenfeld und Sierra Madre ihren H\u00f6hepunkt, sodass das Gemeindehaus vibrierte. Wir wurden mit tobendem Applaus belohnt und durften nicht ohne Zugaben die B\u00fchne verlassen.<\/span><\/span><\/p>\n<\/div><\/div><\/div><\/div><\/div>\n","protected":false},"excerpt":{"rendered":"","protected":false},"author":1,"featured_media":0,"comment_status":"closed","ping_status":"closed","sticky":false,"template":"","format":"standard","meta":{"footnotes":""},"categories":[45],"tags":[],"class_list":["post-4422","post","type-post","status-publish","format-standard","hentry","category-vereinsnachrichten-2015"],"_links":{"self":[{"href":"https:\/\/mv-malschenberg.de\/index.php\/wp-json\/wp\/v2\/posts\/4422","targetHints":{"allow":["GET"]}}],"collection":[{"href":"https:\/\/mv-malschenberg.de\/index.php\/wp-json\/wp\/v2\/posts"}],"about":[{"href":"https:\/\/mv-malschenberg.de\/index.php\/wp-json\/wp\/v2\/types\/post"}],"author":[{"embeddable":true,"href":"https:\/\/mv-malschenberg.de\/index.php\/wp-json\/wp\/v2\/users\/1"}],"replies":[{"embeddable":true,"href":"https:\/\/mv-malschenberg.de\/index.php\/wp-json\/wp\/v2\/comments?post=4422"}],"version-history":[{"count":10,"href":"https:\/\/mv-malschenberg.de\/index.php\/wp-json\/wp\/v2\/posts\/4422\/revisions"}],"predecessor-version":[{"id":26902,"href":"https:\/\/mv-malschenberg.de\/index.php\/wp-json\/wp\/v2\/posts\/4422\/revisions\/26902"}],"wp:attachment":[{"href":"https:\/\/mv-malschenberg.de\/index.php\/wp-json\/wp\/v2\/media?parent=4422"}],"wp:term":[{"taxonomy":"category","embeddable":true,"href":"https:\/\/mv-malschenberg.de\/index.php\/wp-json\/wp\/v2\/categories?post=4422"},{"taxonomy":"post_tag","embeddable":true,"href":"https:\/\/mv-malschenberg.de\/index.php\/wp-json\/wp\/v2\/tags?post=4422"}],"curies":[{"name":"wp","href":"https:\/\/api.w.org\/{rel}","templated":true}]}}