{"id":4359,"date":"2016-04-18T06:48:31","date_gmt":"2016-04-18T06:48:31","guid":{"rendered":"https:\/\/web32941.greatnet-hosting.de\/?p=4359"},"modified":"2026-03-25T06:49:10","modified_gmt":"2026-03-25T05:49:10","slug":"1-heilige-kommunion-reichenbach-jenny","status":"publish","type":"post","link":"https:\/\/mv-malschenberg.de\/index.php\/2016\/04\/18\/1-heilige-kommunion-reichenbach-jenny\/","title":{"rendered":"1. Heilige Kommunion Reichenbach Jenny"},"content":{"rendered":"\n<div class=\"et_pb_section_0 et_pb_section et_section_regular et_block_section\"><div class=\"et_pb_row_0 et_pb_row et_block_row\"><div class=\"et_pb_column_0 et_pb_column et_pb_column_4_4 et-last-child et_block_column et_pb_css_mix_blend_mode_passthrough\"><div class=\"et_pb_text_0 et_pb_text et_pb_bg_layout_light et_pb_module et_block_module\"><div class=\"et_pb_text_inner\"><p style=\"color: #555555; font-family: Verdana, Helvetica, sans-serif; font-size: 13px; font-style: normal; font-variant-ligatures: normal; font-variant-caps: normal; font-weight: 400; letter-spacing: normal; orphans: 2; text-align: left; text-indent: 0px; text-transform: none; widows: 2; word-spacing: 0px; -webkit-text-stroke-width: 0px; white-space: normal; background-color: #ffffff; text-decoration-thickness: initial; text-decoration-style: initial; text-decoration-color: initial;\"><span style=\"font-size: 10pt; font-family: arial, helvetica, sans-serif;\"><strong>\u00a0 G<\/strong>leich am Sonntagmorgen nach dem gro\u00dfen Auftritt bei der Bauma in M\u00fcnchen, waren unsere aktiven Musikerinnen und Musiker schon wieder im Einsatz.<\/span><\/p>\n<p style=\"color: #555555; font-family: Verdana, Helvetica, sans-serif; font-size: 13px; font-style: normal; font-variant-ligatures: normal; font-variant-caps: normal; font-weight: 400; letter-spacing: normal; orphans: 2; text-align: left; text-indent: 0px; text-transform: none; widows: 2; word-spacing: 0px; -webkit-text-stroke-width: 0px; white-space: normal; background-color: #ffffff; text-decoration-thickness: initial; text-decoration-style: initial; text-decoration-color: initial;\"><span style=\"font-family: arial, helvetica, sans-serif; font-size: 10pt;\">Leider meinte es der Wettergott am 17.April 2016 nicht so gut mit uns. So wurden die diesj\u00e4hrigen Kommunionkinder zum Empfang Ihrer 1. heiligen Kommunion, in der katholische Kirche in Malschenberg mit einer kleine Prozession mit dem Prozessionsmarsch begleitet. Bei den Gottesdienstbesuchern kam diese Ersatzl\u00f6sung sehr gut an.<\/span><\/p>\n<p style=\"color: #555555; font-family: Verdana, Helvetica, sans-serif; font-size: 13px; font-style: normal; font-variant-ligatures: normal; font-variant-caps: normal; font-weight: 400; letter-spacing: normal; orphans: 2; text-align: left; text-indent: 0px; text-transform: none; widows: 2; word-spacing: 0px; -webkit-text-stroke-width: 0px; white-space: normal; background-color: #ffffff; text-decoration-thickness: initial; text-decoration-style: initial; text-decoration-color: initial;\"><span style=\"font-size: 10pt; font-family: arial, helvetica, sans-serif;\">Im Anschluss an den Festgottesdienst folgte die Trachtenkapelle der Einladung unseres aktiven Musikers Uwe Reichenbach nach Malsch zur Traube, um unserer aktiven Jungmusikerin Jenny mit einem musikalischen St\u00e4ndchen aufzuspielen. Erste Vorsitzende Christa Sch\u00e4ffner gratulierte Jenny recht herzlich im Namen des Musikvereins und \u00fcberreichte Ihr ein Geschenk. Familie Reichenbach war sehr erfreut und lud zum Umtrunk und f\u00fcr eine der kommenden Musikproben zu einem Imbiss ein. Daf\u00fcr ein herzliches Dankesch\u00f6n. Der Musikverein Trachtenkapelle Harmonie Malschenberg w\u00fcnscht dir liebe Jenny und deiner Familie f\u00fcr die Zukunft alles erdenklich Gute.<\/span><\/p>\n<\/div><\/div><\/div><\/div><\/div>\n","protected":false},"excerpt":{"rendered":"","protected":false},"author":1,"featured_media":0,"comment_status":"closed","ping_status":"closed","sticky":false,"template":"","format":"standard","meta":{"footnotes":""},"categories":[44],"tags":[],"class_list":["post-4359","post","type-post","status-publish","format-standard","hentry","category-vereinsnachrichten-2016"],"_links":{"self":[{"href":"https:\/\/mv-malschenberg.de\/index.php\/wp-json\/wp\/v2\/posts\/4359","targetHints":{"allow":["GET"]}}],"collection":[{"href":"https:\/\/mv-malschenberg.de\/index.php\/wp-json\/wp\/v2\/posts"}],"about":[{"href":"https:\/\/mv-malschenberg.de\/index.php\/wp-json\/wp\/v2\/types\/post"}],"author":[{"embeddable":true,"href":"https:\/\/mv-malschenberg.de\/index.php\/wp-json\/wp\/v2\/users\/1"}],"replies":[{"embeddable":true,"href":"https:\/\/mv-malschenberg.de\/index.php\/wp-json\/wp\/v2\/comments?post=4359"}],"version-history":[{"count":10,"href":"https:\/\/mv-malschenberg.de\/index.php\/wp-json\/wp\/v2\/posts\/4359\/revisions"}],"predecessor-version":[{"id":26916,"href":"https:\/\/mv-malschenberg.de\/index.php\/wp-json\/wp\/v2\/posts\/4359\/revisions\/26916"}],"wp:attachment":[{"href":"https:\/\/mv-malschenberg.de\/index.php\/wp-json\/wp\/v2\/media?parent=4359"}],"wp:term":[{"taxonomy":"category","embeddable":true,"href":"https:\/\/mv-malschenberg.de\/index.php\/wp-json\/wp\/v2\/categories?post=4359"},{"taxonomy":"post_tag","embeddable":true,"href":"https:\/\/mv-malschenberg.de\/index.php\/wp-json\/wp\/v2\/tags?post=4359"}],"curies":[{"name":"wp","href":"https:\/\/api.w.org\/{rel}","templated":true}]}}