{"id":4208,"date":"2016-12-12T05:56:41","date_gmt":"2016-12-12T05:56:41","guid":{"rendered":"https:\/\/web32941.greatnet-hosting.de\/?p=4208"},"modified":"2026-03-29T13:11:57","modified_gmt":"2026-03-29T11:11:57","slug":"weihnachtsplaetzchen-2016","status":"publish","type":"post","link":"https:\/\/mv-malschenberg.de\/index.php\/2016\/12\/12\/weihnachtsplaetzchen-2016\/","title":{"rendered":"Weihnachtspl\u00e4tzchen 2016"},"content":{"rendered":"<div class=\"et_d4_element et_pb_section et_pb_section_0  et_pb_css_mix_blend_mode et_section_regular et_block_section\" >\n\t\t\t\t\n\t\t\t\t\n\t\t\t\t\n\t\t\t\t\n\t\t\t\t\n\t\t\t\t\n\t\t\t\t<div class=\"et_d4_element et_pb_row et_pb_row_0  et_pb_css_mix_blend_mode et_block_row\">\n\t\t\t\t<div class=\"et_d4_element et_pb_column_4_4 et_pb_column et_pb_column_0  et_pb_css_mix_blend_mode et-last-child et_block_column\">\n\t\t\t\t\n\t\t\t\t\n\t\t\t\t\n\t\t\t\t\n\t\t\t\t<div class=\"et_pb_module et_d4_element et_pb_text et_pb_text_0  et_pb_text_align_left et_pb_bg_layout_light\">\n\t\t\t\t\n\t\t\t\t\n\t\t\t\t\n\t\t\t\t\n\t\t\t\t<div class=\"et_pb_text_inner\"><p style=\"color: #555555; font-family: Verdana, Helvetica, sans-serif; font-size: 13px; font-style: normal; font-variant-ligatures: normal; font-variant-caps: normal; font-weight: 400; letter-spacing: normal; orphans: 2; text-align: left; text-indent: 0px; text-transform: none; widows: 2; word-spacing: 0px; -webkit-text-stroke-width: 0px; white-space: normal; background-color: #ffffff; text-decoration-thickness: initial; text-decoration-style: initial; text-decoration-color: initial;\"><span style=\"font-size: 10pt; font-family: Arial, sans-serif;\">Am 10.12.2016 veranstaltete der Musikverein Trachtenkapelle Harmonie Malschenberg sein 10. Weihnachtspl\u00e4tzchen. Bereits um 16:00 Uhr besuchte der Nikolaus pers\u00f6nlich unsere j\u00fcngsten im Verein. Mit weihnachtlichen Liedern auf einem Instrument begr\u00fc\u00dfte man den Nikolaus ganz herzlich. Nach so einem Empfang \u00fcberreichte der gute Mann jedem Kind und unserm Dirigenten Erich Meklinger ein kleines Geschenk. Mit einem gemeinsam gesungenem ,, Lasst uns froh und munter sein\u201c wurde der Nikolaus f\u00fcrs erste verabschiedet.<\/span><\/p>\n<p style=\"color: #555555; font-family: Verdana, Helvetica, sans-serif; font-size: 13px; font-style: normal; font-variant-ligatures: normal; font-variant-caps: normal; font-weight: 400; letter-spacing: normal; orphans: 2; text-align: left; text-indent: 0px; text-transform: none; widows: 2; word-spacing: 0px; -webkit-text-stroke-width: 0px; white-space: normal; background-color: #ffffff; text-decoration-thickness: initial; text-decoration-style: initial; text-decoration-color: initial;\"><span style=\"font-size: 10pt; font-family: Arial, sans-serif;\">Im Anschluss begann sich so allm\u00e4hlich der liebevoll gestaltete Platz vom Weihnachtspl\u00e4tzchen von den Besuchern zu f\u00fcllen. Denjenigen, denen es drau\u00dfen zu kalt war, konnten einen Platz im weihnachtlich gezierten Untergeschoss der Brunnenberghalle beziehen. Dort erwartete unsere G\u00e4ste auch ein dekorativer Verkaufsstand mit allerlei kunstvollen Weihnachtsartikel und Weihnachtsgeb\u00e4ck. Einige Aktiven unter der Leitung unseres Dirigenten Erich Merklinger unterhielten die G\u00e4ste den Abend \u00fcber mit festlichen Weihnachtsliedern, so dass eine richtig sch\u00f6ne Weihnachtsstimmung aufkam. Auch der Nikolaus kam noch einmal vorbei, um die kleinen Weihnachtspl\u00e4tzchen \u2013 Besucher zu beschenken. Bei herrlich duftendem Gl\u00fchwein und allerlei k\u00f6stlichen Speisen lie\u00dfen sich die zahlreichen G\u00e4ste so richtig in den Bann der Vorweihnachtszeit einbringen.<br \/><\/span><\/p>\n<p style=\"color: #555555; font-family: Verdana, Helvetica, sans-serif; font-size: 13px; font-style: normal; font-variant-ligatures: normal; font-variant-caps: normal; font-weight: 400; letter-spacing: normal; orphans: 2; text-align: left; text-indent: 0px; text-transform: none; widows: 2; word-spacing: 0px; -webkit-text-stroke-width: 0px; white-space: normal; background-color: #ffffff; text-decoration-thickness: initial; text-decoration-style: initial; text-decoration-color: initial;\"><span style=\"font-size: 10pt; font-family: Arial, sans-serif;\">Wieder ist es an der Zeit ein ganz GROSSES<span>\u00a0<\/span><b>DANKESCH\u00d6N<span>\u00a0<\/span><\/b>an die Helfer, ob jung oder fortgeschrittenen Alters vom Auf- und Abbau, dem ganzen Helferteam von K\u00fcche und Verkaufsst\u00e4nden, den Pl\u00e4tzchenb\u00e4ckerinnen und Pl\u00e4tzchenb\u00e4cker, den Spendern der Weihnachtsb\u00e4ume, dem Festausschuss, sowie der Vorstandschaft zu entrichten.<\/span><\/p>\n<p style=\"color: #555555; font-family: Verdana, Helvetica, sans-serif; font-size: 13px; font-style: normal; font-variant-ligatures: normal; font-variant-caps: normal; font-weight: 400; letter-spacing: normal; orphans: 2; text-align: left; text-indent: 0px; text-transform: none; widows: 2; word-spacing: 0px; -webkit-text-stroke-width: 0px; white-space: normal; background-color: #ffffff; text-decoration-thickness: initial; text-decoration-style: initial; text-decoration-color: initial;\"><span style=\"font-size: 10pt; font-family: Arial, sans-serif;\">Durch eure Mithilfe wurde wieder rundum gelungenes Weihnachtspl\u00e4tzchen durchgef\u00fchrt.<\/span><\/p><\/div>\n\t\t\t<\/div>\n\t\t\t<\/div>\n\t\t\t\t\n\t\t\t\t\n\t\t\t\t\n\t\t\t\t\n\t\t\t<\/div>\n\t\t\t\t\n\t\t\t\t\n\t\t\t<\/div>\n","protected":false},"excerpt":{"rendered":"","protected":false},"author":1,"featured_media":0,"comment_status":"closed","ping_status":"closed","sticky":false,"template":"","format":"standard","meta":{"_et_pb_use_builder":"on","_et_pb_old_content":"","_et_gb_content_width":"","footnotes":""},"categories":[44],"tags":[],"class_list":["post-4208","post","type-post","status-publish","format-standard","hentry","category-vereinsnachrichten-2016"],"_links":{"self":[{"href":"https:\/\/mv-malschenberg.de\/index.php\/wp-json\/wp\/v2\/posts\/4208","targetHints":{"allow":["GET"]}}],"collection":[{"href":"https:\/\/mv-malschenberg.de\/index.php\/wp-json\/wp\/v2\/posts"}],"about":[{"href":"https:\/\/mv-malschenberg.de\/index.php\/wp-json\/wp\/v2\/types\/post"}],"author":[{"embeddable":true,"href":"https:\/\/mv-malschenberg.de\/index.php\/wp-json\/wp\/v2\/users\/1"}],"replies":[{"embeddable":true,"href":"https:\/\/mv-malschenberg.de\/index.php\/wp-json\/wp\/v2\/comments?post=4208"}],"version-history":[{"count":9,"href":"https:\/\/mv-malschenberg.de\/index.php\/wp-json\/wp\/v2\/posts\/4208\/revisions"}],"predecessor-version":[{"id":28578,"href":"https:\/\/mv-malschenberg.de\/index.php\/wp-json\/wp\/v2\/posts\/4208\/revisions\/28578"}],"wp:attachment":[{"href":"https:\/\/mv-malschenberg.de\/index.php\/wp-json\/wp\/v2\/media?parent=4208"}],"wp:term":[{"taxonomy":"category","embeddable":true,"href":"https:\/\/mv-malschenberg.de\/index.php\/wp-json\/wp\/v2\/categories?post=4208"},{"taxonomy":"post_tag","embeddable":true,"href":"https:\/\/mv-malschenberg.de\/index.php\/wp-json\/wp\/v2\/tags?post=4208"}],"curies":[{"name":"wp","href":"https:\/\/api.w.org\/{rel}","templated":true}]}}