{"id":4155,"date":"2017-03-06T15:17:35","date_gmt":"2017-03-06T15:17:35","guid":{"rendered":"https:\/\/web32941.greatnet-hosting.de\/?p=4155"},"modified":"2026-03-29T13:10:49","modified_gmt":"2026-03-29T11:10:49","slug":"jahreshauptversammlung-2017","status":"publish","type":"post","link":"https:\/\/mv-malschenberg.de\/index.php\/2017\/03\/06\/jahreshauptversammlung-2017\/","title":{"rendered":"Jahreshauptversammlung 2017"},"content":{"rendered":"<div class=\"et_d4_element et_pb_section et_pb_section_0  et_pb_css_mix_blend_mode et_section_regular et_block_section\" >\n\t\t\t\t\n\t\t\t\t\n\t\t\t\t\n\t\t\t\t\n\t\t\t\t\n\t\t\t\t\n\t\t\t\t<div class=\"et_d4_element et_pb_row et_pb_row_0  et_pb_css_mix_blend_mode et_block_row\">\n\t\t\t\t<div class=\"et_d4_element et_pb_column_4_4 et_pb_column et_pb_column_0  et_pb_css_mix_blend_mode et-last-child et_block_column\">\n\t\t\t\t\n\t\t\t\t\n\t\t\t\t\n\t\t\t\t\n\t\t\t\t<div class=\"et_pb_module et_d4_element et_pb_text et_pb_text_0  et_pb_text_align_left et_pb_bg_layout_light\">\n\t\t\t\t\n\t\t\t\t\n\t\t\t\t\n\t\t\t\t\n\t\t\t\t<div class=\"et_pb_text_inner\"><div style=\"color: #555555; font-family: Verdana, Helvetica, sans-serif; font-size: 13px; font-style: normal; font-variant-ligatures: normal; font-variant-caps: normal; font-weight: 400; letter-spacing: normal; orphans: 2; text-align: left; text-indent: 0px; text-transform: none; widows: 2; word-spacing: 0px; -webkit-text-stroke-width: 0px; white-space: normal; background-color: #ffffff; text-decoration-thickness: initial; text-decoration-style: initial; text-decoration-color: initial;\">Der Musikverein Trachtenkapelle Harmonie e. V. Malschenberg f\u00fchrt am Sonntag, den 26.03.2017, um 15.00 Uhr im Untergeschoss der Brunnenberghalle in Malschenberg seine Jahreshauptversammlung durch.<\/div>\n<div style=\"color: #555555; font-family: Verdana, Helvetica, sans-serif; font-size: 13px; font-style: normal; font-variant-ligatures: normal; font-variant-caps: normal; font-weight: 400; letter-spacing: normal; orphans: 2; text-align: left; text-indent: 0px; text-transform: none; widows: 2; word-spacing: 0px; -webkit-text-stroke-width: 0px; white-space: normal; background-color: #ffffff; text-decoration-thickness: initial; text-decoration-style: initial; text-decoration-color: initial;\">Zu dieser Versammlung sind alle Mitglieder recht herzlich eingeladen.<\/div>\n<p style=\"color: #555555; font-family: Verdana, Helvetica, sans-serif; font-size: 13px; font-style: normal; font-variant-ligatures: normal; font-variant-caps: normal; font-weight: 400; letter-spacing: normal; orphans: 2; text-align: left; text-indent: 0px; text-transform: none; widows: 2; word-spacing: 0px; -webkit-text-stroke-width: 0px; white-space: normal; background-color: #ffffff; text-decoration-thickness: initial; text-decoration-style: initial; text-decoration-color: initial;\">Der folgenden vorl\u00e4ufigen Tagesordnung kann der Ablauf der Sitzung entnommen werden:<\/p>\n<ul class=\"clr\" style=\"padding-left: 20px; clear: both; color: #555555; font-family: Verdana, Helvetica, sans-serif; font-size: 13px; font-style: normal; font-variant-ligatures: normal; font-variant-caps: normal; font-weight: 400; letter-spacing: normal; orphans: 2; text-align: left; text-indent: 0px; text-transform: none; widows: 2; word-spacing: 0px; -webkit-text-stroke-width: 0px; white-space: normal; background-color: #ffffff; text-decoration-thickness: initial; text-decoration-style: initial; text-decoration-color: initial;\">\n<li style=\"list-style: square;\">\n<p>Begr\u00fc\u00dfung durch die 1. Vorsitzende<\/p>\n<\/li>\n<li style=\"list-style: square;\">\n<p>Totenehrung<\/p>\n<\/li>\n<li style=\"list-style: square;\">\n<p>Bericht der 1. Vorsitzenden<\/p>\n<\/li>\n<li style=\"list-style: square;\">\n<p>Protokoll des Schriftf\u00fchrers<\/p>\n<\/li>\n<li style=\"list-style: square;\">\n<p>Bericht der Kassierin<\/p>\n<\/li>\n<li style=\"list-style: square;\">\n<p>Bericht der Kassenpr\u00fcfer<\/p>\n<\/li>\n<li style=\"list-style: square;\">\n<p>Bericht des Dirigenten<\/p>\n<\/li>\n<li style=\"list-style: square;\">\n<p>Aussprache zu den Berichten<\/p>\n<\/li>\n<li style=\"list-style: square;\">\n<p>Ehrungen<\/p>\n<\/li>\n<li style=\"list-style: square;\">\n<p>Entlastung der Vorstandschaft<\/p>\n<\/li>\n<li style=\"list-style: square;\">\n<p>Verschiedenes, W\u00fcnsche, Antr\u00e4ge<\/p>\n<\/li>\n<\/ul>\n<p style=\"color: #555555; font-family: Verdana, Helvetica, sans-serif; font-size: 13px; font-style: normal; font-variant-ligatures: normal; font-variant-caps: normal; font-weight: 400; letter-spacing: normal; orphans: 2; text-align: left; text-indent: 0px; text-transform: none; widows: 2; word-spacing: 0px; -webkit-text-stroke-width: 0px; white-space: normal; background-color: #ffffff; text-decoration-thickness: initial; text-decoration-style: initial; text-decoration-color: initial;\">\u00c4nderungen k\u00f6nnen sich im Ablauf der Tagesordnung ergeben. Antr\u00e4ge, die w\u00e4hrend der Versammlung behandelt werden sollen, m\u00fcssen 8 Tage vorher bei der 1. Vorsitzenden Christa Sch\u00e4ffner schriftlich eingereicht werden.<\/p>\n<p style=\"color: #555555; font-family: Verdana, Helvetica, sans-serif; font-size: 13px; font-style: normal; font-variant-ligatures: normal; font-variant-caps: normal; font-weight: 400; letter-spacing: normal; orphans: 2; text-align: left; text-indent: 0px; text-transform: none; widows: 2; word-spacing: 0px; -webkit-text-stroke-width: 0px; white-space: normal; background-color: #ffffff; text-decoration-thickness: initial; text-decoration-style: initial; text-decoration-color: initial;\">Wir hoffen auf Ihr vollz\u00e4hliges Erscheinen und verbleiben mit freundlichen Gr\u00fc\u00dfen Ihr<\/p>\n<p style=\"color: #555555; font-family: Verdana, Helvetica, sans-serif; font-size: 13px; font-style: normal; font-variant-ligatures: normal; font-variant-caps: normal; font-weight: 400; letter-spacing: normal; orphans: 2; text-align: left; text-indent: 0px; text-transform: none; widows: 2; word-spacing: 0px; -webkit-text-stroke-width: 0px; white-space: normal; background-color: #ffffff; text-decoration-thickness: initial; text-decoration-style: initial; text-decoration-color: initial;\">Musikverein Trachtenkapelle \"Harmonie\" e. V. Malschenberg<\/p><\/div>\n\t\t\t<\/div>\n\t\t\t<\/div>\n\t\t\t\t\n\t\t\t\t\n\t\t\t\t\n\t\t\t\t\n\t\t\t<\/div>\n\t\t\t\t\n\t\t\t\t\n\t\t\t<\/div>\n","protected":false},"excerpt":{"rendered":"","protected":false},"author":1,"featured_media":0,"comment_status":"closed","ping_status":"closed","sticky":false,"template":"","format":"standard","meta":{"_et_pb_use_builder":"on","_et_pb_old_content":"","_et_gb_content_width":"","footnotes":""},"categories":[43],"tags":[],"class_list":["post-4155","post","type-post","status-publish","format-standard","hentry","category-vereinsnachrichten-2017"],"_links":{"self":[{"href":"https:\/\/mv-malschenberg.de\/index.php\/wp-json\/wp\/v2\/posts\/4155","targetHints":{"allow":["GET"]}}],"collection":[{"href":"https:\/\/mv-malschenberg.de\/index.php\/wp-json\/wp\/v2\/posts"}],"about":[{"href":"https:\/\/mv-malschenberg.de\/index.php\/wp-json\/wp\/v2\/types\/post"}],"author":[{"embeddable":true,"href":"https:\/\/mv-malschenberg.de\/index.php\/wp-json\/wp\/v2\/users\/1"}],"replies":[{"embeddable":true,"href":"https:\/\/mv-malschenberg.de\/index.php\/wp-json\/wp\/v2\/comments?post=4155"}],"version-history":[{"count":9,"href":"https:\/\/mv-malschenberg.de\/index.php\/wp-json\/wp\/v2\/posts\/4155\/revisions"}],"predecessor-version":[{"id":28566,"href":"https:\/\/mv-malschenberg.de\/index.php\/wp-json\/wp\/v2\/posts\/4155\/revisions\/28566"}],"wp:attachment":[{"href":"https:\/\/mv-malschenberg.de\/index.php\/wp-json\/wp\/v2\/media?parent=4155"}],"wp:term":[{"taxonomy":"category","embeddable":true,"href":"https:\/\/mv-malschenberg.de\/index.php\/wp-json\/wp\/v2\/categories?post=4155"},{"taxonomy":"post_tag","embeddable":true,"href":"https:\/\/mv-malschenberg.de\/index.php\/wp-json\/wp\/v2\/tags?post=4155"}],"curies":[{"name":"wp","href":"https:\/\/api.w.org\/{rel}","templated":true}]}}