{"id":3721,"date":"2019-03-18T11:43:13","date_gmt":"2019-03-18T11:43:13","guid":{"rendered":"https:\/\/web32941.greatnet-hosting.de\/?p=3721"},"modified":"2026-03-25T09:13:47","modified_gmt":"2026-03-25T08:13:47","slug":"mv-jahreshauptversammlung-2019","status":"publish","type":"post","link":"https:\/\/mv-malschenberg.de\/index.php\/2019\/03\/18\/mv-jahreshauptversammlung-2019\/","title":{"rendered":"MV Jahreshauptversammlung 2019"},"content":{"rendered":"<div class=\"et_d4_element et_pb_section et_pb_section_0  et_pb_css_mix_blend_mode et_section_regular et_block_section\" >\n\t\t\t\t\n\t\t\t\t\n\t\t\t\t\n\t\t\t\t\n\t\t\t\t\n\t\t\t\t\n\t\t\t\t<div class=\"et_d4_element et_pb_row et_pb_row_0  et_pb_css_mix_blend_mode et_block_row\">\n\t\t\t\t<div class=\"et_d4_element et_pb_column_4_4 et_pb_column et_pb_column_0  et_pb_css_mix_blend_mode et-last-child et_block_column\">\n\t\t\t\t\n\t\t\t\t\n\t\t\t\t\n\t\t\t\t\n\t\t\t\t<div class=\"et_pb_module et_d4_element et_pb_text et_pb_text_0  et_pb_text_align_left et_pb_bg_layout_light\">\n\t\t\t\t\n\t\t\t\t\n\t\t\t\t\n\t\t\t\t\n\t\t\t\t<div class=\"et_pb_text_inner\"><p style=\"color: #555555; font-family: Verdana, Helvetica, sans-serif; font-size: 13px; font-style: normal; font-variant-ligatures: normal; font-variant-caps: normal; font-weight: 400; letter-spacing: normal; orphans: 2; text-align: left; text-indent: 0px; text-transform: none; widows: 2; word-spacing: 0px; -webkit-text-stroke-width: 0px; white-space: normal; background-color: #ffffff; text-decoration-thickness: initial; text-decoration-style: initial; text-decoration-color: initial;\">Am Sonntag, den 17.3.2019 fand um 15:00 Uhr die Jahreshauptversammlung des Musikvereins Trachtenkapelle \u201eHarmonie\u201c Malschenberg e.V. im Untergeschoss der Brunnenberghalle statt.\u00a0 Die aktiven Musikerinnen und Musiker unter der Leitung von unserem Dirigenten Erich Merklinger er\u00f6ffneten die Sitzung mit dem Musikst\u00fcck \u201eNeuer Schwung\u201c.<\/p>\n<ol style=\"padding-left: 20px; color: #555555; font-family: Verdana, Helvetica, sans-serif; font-size: 13px; font-style: normal; font-variant-ligatures: normal; font-variant-caps: normal; font-weight: 400; letter-spacing: normal; orphans: 2; text-align: left; text-indent: 0px; text-transform: none; widows: 2; word-spacing: 0px; -webkit-text-stroke-width: 0px; white-space: normal; background-color: #ffffff; text-decoration-thickness: initial; text-decoration-style: initial; text-decoration-color: initial;\">\n<li>Vorsitzende Christa Sch\u00e4ffner begr\u00fc\u00dfte die anwesenden G\u00e4ste. Anschlie\u00dfend wurde den verstorbenen Mitgliedern mit dem St\u00fcck \u201eIch hatt einen Kameraden\u201c gedacht. Es waren: Franz Leist, Anneliese Beigel und Karl Koch.<\/li>\n<\/ol>\n<p style=\"color: #555555; font-family: Verdana, Helvetica, sans-serif; font-size: 13px; font-style: normal; font-variant-ligatures: normal; font-variant-caps: normal; font-weight: 400; letter-spacing: normal; orphans: 2; text-align: left; text-indent: 0px; text-transform: none; widows: 2; word-spacing: 0px; -webkit-text-stroke-width: 0px; white-space: normal; background-color: #ffffff; text-decoration-thickness: initial; text-decoration-style: initial; text-decoration-color: initial;\">Die 1. Vorsitzende pr\u00e4sentierte Ihren Bericht vom Verein \u00fcber das abgelaufene Gesch\u00e4ftsjahr, und die vergangenen Auftritte und Aktivit\u00e4ten. Es waren 24 Veranstaltungen zu bew\u00e4ltigen. Sei es die gemeinschaftlichen Auftritte bei befreundeten Kapellen, \u00f6rtlichen und kirchlichen Veranstaltungen, oder die Teilnahme an dem Letzenberg - \u00a0Cup des Sch\u00fctzenvereins Malschenberg, bei dem sich der Musikverein mit zwei Mannschaften pr\u00e4sentierte, und einen hervorragenden 2. Platz belegte.<\/p>\n<p style=\"color: #555555; font-family: Verdana, Helvetica, sans-serif; font-size: 13px; font-style: normal; font-variant-ligatures: normal; font-variant-caps: normal; font-weight: 400; letter-spacing: normal; orphans: 2; text-align: left; text-indent: 0px; text-transform: none; widows: 2; word-spacing: 0px; -webkit-text-stroke-width: 0px; white-space: normal; background-color: #ffffff; text-decoration-thickness: initial; text-decoration-style: initial; text-decoration-color: initial;\">Auch beim Letzenberg \u2013 Cup des TSV Malschenberg war der Musikverein vertreten und zeigte sein sportliches K\u00f6nnen.<\/p>\n<p style=\"color: #555555; font-family: Verdana, Helvetica, sans-serif; font-size: 13px; font-style: normal; font-variant-ligatures: normal; font-variant-caps: normal; font-weight: 400; letter-spacing: normal; orphans: 2; text-align: left; text-indent: 0px; text-transform: none; widows: 2; word-spacing: 0px; -webkit-text-stroke-width: 0px; white-space: normal; background-color: #ffffff; text-decoration-thickness: initial; text-decoration-style: initial; text-decoration-color: initial;\">Ein gro\u00dfes Ereignis war das Konzert, das am Vorabend des Musikfestes stattfand und gro\u00dfen Zuspruch erhielt. F\u00fcr das neue Gesch\u00e4ftsjahr werden neue Planungen ins Auge gefasst werden.<\/p>\n<p style=\"color: #555555; font-family: Verdana, Helvetica, sans-serif; font-size: 13px; font-style: normal; font-variant-ligatures: normal; font-variant-caps: normal; font-weight: 400; letter-spacing: normal; orphans: 2; text-align: left; text-indent: 0px; text-transform: none; widows: 2; word-spacing: 0px; -webkit-text-stroke-width: 0px; white-space: normal; background-color: #ffffff; text-decoration-thickness: initial; text-decoration-style: initial; text-decoration-color: initial;\">Sehr gespannt wurde der Bericht unserer Kassierin Marina Knopf erwartet. Mit einem gut aufgestellten Finanzhaushalt\u00a0 schloss Marina Knopf Ihren Bericht ab. Kassenpr\u00fcfer Ludwig Sch\u00e4ffner und Edgar Weidenheimer best\u00e4tigten eine sehr ordentliche, makellose und saubere Kassenf\u00fchrung.<\/p>\n<p style=\"color: #555555; font-family: Verdana, Helvetica, sans-serif; font-size: 13px; font-style: normal; font-variant-ligatures: normal; font-variant-caps: normal; font-weight: 400; letter-spacing: normal; orphans: 2; text-align: left; text-indent: 0px; text-transform: none; widows: 2; word-spacing: 0px; -webkit-text-stroke-width: 0px; white-space: normal; background-color: #ffffff; text-decoration-thickness: initial; text-decoration-style: initial; text-decoration-color: initial;\">Dirigent Erich Merklinger lobte in seinem Bericht die Kapelle f\u00fcr ihre stete Bereitschaft bei den vielen Auftritten und den Probenarbeiten. Er best\u00e4tigte in seiner Rede das K\u00f6nnen der Kapelle, und dankte dem entgegengebrachten Vertrauen des Vereins. Sein Dank galt auch den beiden Notenwarte Marina Knopf und Lukas Sch\u00e4ffner, f\u00fcr ihre Arbeit mit der Notenverwaltung.<\/p>\n<p style=\"color: #555555; font-family: Verdana, Helvetica, sans-serif; font-size: 13px; font-style: normal; font-variant-ligatures: normal; font-variant-caps: normal; font-weight: 400; letter-spacing: normal; orphans: 2; text-align: left; text-indent: 0px; text-transform: none; widows: 2; word-spacing: 0px; -webkit-text-stroke-width: 0px; white-space: normal; background-color: #ffffff; text-decoration-thickness: initial; text-decoration-style: initial; text-decoration-color: initial;\">Da keine Fragen zu den Berichten gestellt wurden, kam man zum n\u00e4chsten Tagesordnungspunkt. Die Ehrungen verdienter Mitglieder.<\/p>\n<ol start=\"2\" style=\"padding-left: 20px; color: #555555; font-family: Verdana, Helvetica, sans-serif; font-size: 13px; font-style: normal; font-variant-ligatures: normal; font-variant-caps: normal; font-weight: 400; letter-spacing: normal; orphans: 2; text-align: left; text-indent: 0px; text-transform: none; widows: 2; word-spacing: 0px; -webkit-text-stroke-width: 0px; white-space: normal; background-color: #ffffff; text-decoration-thickness: initial; text-decoration-style: initial; text-decoration-color: initial;\">\n<li>Vorsitzender vom Blasmusikverband Rhein-Neckar Helmut Spannagel ehrte die aktiven Musikerinnen und Musiker, sowie die f\u00f6rdernden Mitglieder. Anbei lobte er bei seiner Rede auch die gute Ausrichtung der am Vortag stattgefundenen Jahreshauptversammlung des Blasmusikverbandes und der Bl\u00e4serjugend Rhein \u2013 Neckar durch die Trachtenkapelle Malschenberg.<\/li>\n<\/ol>\n<p style=\"color: #555555; font-family: Verdana, Helvetica, sans-serif; font-size: 13px; font-style: normal; font-variant-ligatures: normal; font-variant-caps: normal; font-weight: 400; letter-spacing: normal; orphans: 2; text-align: left; text-indent: 0px; text-transform: none; widows: 2; word-spacing: 0px; -webkit-text-stroke-width: 0px; white-space: normal; background-color: #ffffff; text-decoration-thickness: initial; text-decoration-style: initial; text-decoration-color: initial;\">F\u00fcr<span>\u00a0<\/span><strong>10 j\u00e4hrige<\/strong><span>\u00a0<\/span>Mitgliedschaft wurde vom Blasmusikverband Baden - W\u00fcrttemberg mit der Ehrennadel in Bronze ausgezeichnet: Carlos Brucker.<\/p>\n<p style=\"color: #555555; font-family: Verdana, Helvetica, sans-serif; font-size: 13px; font-style: normal; font-variant-ligatures: normal; font-variant-caps: normal; font-weight: 400; letter-spacing: normal; orphans: 2; text-align: left; text-indent: 0px; text-transform: none; widows: 2; word-spacing: 0px; -webkit-text-stroke-width: 0px; white-space: normal; background-color: #ffffff; text-decoration-thickness: initial; text-decoration-style: initial; text-decoration-color: initial;\">F\u00fcr<span>\u00a0<\/span><strong>15 j\u00e4hrige<\/strong><span>\u00a0<\/span>Vereinsarbeit wurde Christine M\u00fcller mit der F\u00f6rderernadel in Silber und Urkunde vom Blasmusikverband Baden - W\u00fcrttemberg geehrt.<\/p>\n<p style=\"color: #555555; font-family: Verdana, Helvetica, sans-serif; font-size: 13px; font-style: normal; font-variant-ligatures: normal; font-variant-caps: normal; font-weight: 400; letter-spacing: normal; orphans: 2; text-align: left; text-indent: 0px; text-transform: none; widows: 2; word-spacing: 0px; -webkit-text-stroke-width: 0px; white-space: normal; background-color: #ffffff; text-decoration-thickness: initial; text-decoration-style: initial; text-decoration-color: initial;\">F\u00fcr<span>\u00a0<\/span><strong>20 j\u00e4hrige<span>\u00a0<\/span><\/strong>Mitgliedschaft mit der Ehrennadel in Gold wurde Toni Th\u00e4ssler vom Blasmusikverband Baden - W\u00fcrttemberg ausgezeichnet.<\/p>\n<p style=\"color: #555555; font-family: Verdana, Helvetica, sans-serif; font-size: 13px; font-style: normal; font-variant-ligatures: normal; font-variant-caps: normal; font-weight: 400; letter-spacing: normal; orphans: 2; text-align: left; text-indent: 0px; text-transform: none; widows: 2; word-spacing: 0px; -webkit-text-stroke-width: 0px; white-space: normal; background-color: #ffffff; text-decoration-thickness: initial; text-decoration-style: initial; text-decoration-color: initial;\">F\u00fcr<span>\u00a0<\/span><strong>40 Jahre<\/strong><span>\u00a0<\/span>aktives Musizieren wurden<\/p>\n<p style=\"color: #555555; font-family: Verdana, Helvetica, sans-serif; font-size: 13px; font-style: normal; font-variant-ligatures: normal; font-variant-caps: normal; font-weight: 400; letter-spacing: normal; orphans: 2; text-align: left; text-indent: 0px; text-transform: none; widows: 2; word-spacing: 0px; -webkit-text-stroke-width: 0px; white-space: normal; background-color: #ffffff; text-decoration-thickness: initial; text-decoration-style: initial; text-decoration-color: initial;\">Karin Schwab, R\u00fcdiger Knopf, Manfred M\u00fcller und Uwe Reichenbach mit der Ehrennadel in Gold mit Diamant und\u00a0 Ehrenbrief vom Blasmusikverband geehrt, sowie mit einer Urkunde f\u00fcr 40 j\u00e4hrige Vereinszugeh\u00f6rigkeit beim Musikverein und somit zu Ehrenmitgliedern ernannt.<\/p>\n<p style=\"color: #555555; font-family: Verdana, Helvetica, sans-serif; font-size: 13px; font-style: normal; font-variant-ligatures: normal; font-variant-caps: normal; font-weight: 400; letter-spacing: normal; orphans: 2; text-align: left; text-indent: 0px; text-transform: none; widows: 2; word-spacing: 0px; -webkit-text-stroke-width: 0px; white-space: normal; background-color: #ffffff; text-decoration-thickness: initial; text-decoration-style: initial; text-decoration-color: initial;\">Im Anschluss nahm 1. Vorsitzenden Christa Sch\u00e4ffner vereinsinterne Ehrungen vor.<\/p>\n<p style=\"color: #555555; font-family: Verdana, Helvetica, sans-serif; font-size: 13px; font-style: normal; font-variant-ligatures: normal; font-variant-caps: normal; font-weight: 400; letter-spacing: normal; orphans: 2; text-align: left; text-indent: 0px; text-transform: none; widows: 2; word-spacing: 0px; -webkit-text-stroke-width: 0px; white-space: normal; background-color: #ffffff; text-decoration-thickness: initial; text-decoration-style: initial; text-decoration-color: initial;\">F\u00fcr<span>\u00a0<\/span><strong>25 j\u00e4hrige<\/strong><span>\u00a0<\/span>Aktivit\u00e4t im Verein wurde Lukas Sch\u00e4ffner mit einer Urkunde geehrt.<\/p>\n<p style=\"color: #555555; font-family: Verdana, Helvetica, sans-serif; font-size: 13px; font-style: normal; font-variant-ligatures: normal; font-variant-caps: normal; font-weight: 400; letter-spacing: normal; orphans: 2; text-align: left; text-indent: 0px; text-transform: none; widows: 2; word-spacing: 0px; -webkit-text-stroke-width: 0px; white-space: normal; background-color: #ffffff; text-decoration-thickness: initial; text-decoration-style: initial; text-decoration-color: initial;\">F\u00fcr<span>\u00a0<\/span><strong>40 j\u00e4hrige<\/strong><span>\u00a0<\/span>Vereinszugeh\u00f6rigkeit wurden Kerstin Brucker, Josef Izzo und Fritz Klefenz geehrt und gleichzeitig zu Ehrenmitgliedern ernannt.<\/p>\n<p style=\"color: #555555; font-family: Verdana, Helvetica, sans-serif; font-size: 13px; font-style: normal; font-variant-ligatures: normal; font-variant-caps: normal; font-weight: 400; letter-spacing: normal; orphans: 2; text-align: left; text-indent: 0px; text-transform: none; widows: 2; word-spacing: 0px; -webkit-text-stroke-width: 0px; white-space: normal; background-color: #ffffff; text-decoration-thickness: initial; text-decoration-style: initial; text-decoration-color: initial;\">F\u00fcr<span>\u00a0<\/span><strong>50 j\u00e4hrige<\/strong><span>\u00a0<\/span>Vereinstreue wurden die Ehrenmitglieder Ludwig Becker, Benno Beigel, Karl Knopf und Franz Metzger mit einer Vereinsurkunde geehrt.<\/p>\n<p style=\"color: #555555; font-family: Verdana, Helvetica, sans-serif; font-size: 13px; font-style: normal; font-variant-ligatures: normal; font-variant-caps: normal; font-weight: 400; letter-spacing: normal; orphans: 2; text-align: left; text-indent: 0px; text-transform: none; widows: 2; word-spacing: 0px; -webkit-text-stroke-width: 0px; white-space: normal; background-color: #ffffff; text-decoration-thickness: initial; text-decoration-style: initial; text-decoration-color: initial;\">F\u00fcr<span>\u00a0<\/span><strong>60 j\u00e4hrige<\/strong><span>\u00a0<\/span>Vereinszugeh\u00f6rigkeit beim Musikverein wurde Ehrenmitglied<\/p>\n<p style=\"color: #555555; font-family: Verdana, Helvetica, sans-serif; font-size: 13px; font-style: normal; font-variant-ligatures: normal; font-variant-caps: normal; font-weight: 400; letter-spacing: normal; orphans: 2; text-align: left; text-indent: 0px; text-transform: none; widows: 2; word-spacing: 0px; -webkit-text-stroke-width: 0px; white-space: normal; background-color: #ffffff; text-decoration-thickness: initial; text-decoration-style: initial; text-decoration-color: initial;\">\u00a0G\u00fcnter M\u00fcller geehrt.<\/p>\n<p style=\"color: #555555; font-family: Verdana, Helvetica, sans-serif; font-size: 13px; font-style: normal; font-variant-ligatures: normal; font-variant-caps: normal; font-weight: 400; letter-spacing: normal; orphans: 2; text-align: left; text-indent: 0px; text-transform: none; widows: 2; word-spacing: 0px; -webkit-text-stroke-width: 0px; white-space: normal; background-color: #ffffff; text-decoration-thickness: initial; text-decoration-style: initial; text-decoration-color: initial;\">Zum Tagesordnungspunkt \u00a0\u201eEntlastung der Vorstandschaft\u201c wurde\u00a0 Stefan Hakala ernannt. Nach einigen belobigen Worte zum Verein schlug Herr Hakala die\u00a0 Entlastung der Kassiererin und der gesamten Vorstandschaft vor. Die Versammlung zeigte per Akklamation einstimmig ihr Vertrauen.<\/p>\n<p style=\"color: #555555; font-family: Verdana, Helvetica, sans-serif; font-size: 13px; font-style: normal; font-variant-ligatures: normal; font-variant-caps: normal; font-weight: 400; letter-spacing: normal; orphans: 2; text-align: left; text-indent: 0px; text-transform: none; widows: 2; word-spacing: 0px; -webkit-text-stroke-width: 0px; white-space: normal; background-color: #ffffff; text-decoration-thickness: initial; text-decoration-style: initial; text-decoration-color: initial;\">Unter dem Tagesordnungspunkt \u201eVerschiedenes, Antr\u00e4ge und W\u00fcnsche\u201c<\/p>\n<p style=\"color: #555555; font-family: Verdana, Helvetica, sans-serif; font-size: 13px; font-style: normal; font-variant-ligatures: normal; font-variant-caps: normal; font-weight: 400; letter-spacing: normal; orphans: 2; text-align: left; text-indent: 0px; text-transform: none; widows: 2; word-spacing: 0px; -webkit-text-stroke-width: 0px; white-space: normal; background-color: #ffffff; text-decoration-thickness: initial; text-decoration-style: initial; text-decoration-color: initial;\">dankte Ortsvorsteher Ludwig Sch\u00e4ffner der Vorstandschaft und dem Verein und w\u00fcnschte sich f\u00fcr die Veranstaltungen einen besseren Besuch der Bev\u00f6lkerung.<\/p>\n<p style=\"color: #555555; font-family: Verdana, Helvetica, sans-serif; font-size: 13px; font-style: normal; font-variant-ligatures: normal; font-variant-caps: normal; font-weight: 400; letter-spacing: normal; orphans: 2; text-align: left; text-indent: 0px; text-transform: none; widows: 2; word-spacing: 0px; -webkit-text-stroke-width: 0px; white-space: normal; background-color: #ffffff; text-decoration-thickness: initial; text-decoration-style: initial; text-decoration-color: initial;\">Nachdem keine weiteren Antr\u00e4ge oder W\u00fcnsche gestellt wurden, bedankte sich die 1. Vorsitzende Christa Sch\u00e4ffner bei den Mitgliedern f\u00fcr ihr Kommen und den harmonischen Verlauf und schloss die\u00a0 Versammlung.<\/p>\n<p style=\"color: #555555; font-family: Verdana, Helvetica, sans-serif; font-size: 13px; font-style: normal; font-variant-ligatures: normal; font-variant-caps: normal; font-weight: 400; letter-spacing: normal; orphans: 2; text-align: left; text-indent: 0px; text-transform: none; widows: 2; word-spacing: 0px; -webkit-text-stroke-width: 0px; white-space: normal; background-color: #ffffff; text-decoration-thickness: initial; text-decoration-style: initial; text-decoration-color: initial;\">Bei einem gem\u00fctlichen Beisammensein und einem Imbiss spielten die aktiven Musikerinnen und Musiker der Trachtenkapelle \u201eHarmonie\u201c Malschenberg noch einige Musikst\u00fccke, und lie\u00dfen die Jahreshauptversammlung 2019 ausklingen.<\/p>\n<p style=\"color: #555555; font-family: Verdana, Helvetica, sans-serif; font-size: 13px; font-style: normal; font-variant-ligatures: normal; font-variant-caps: normal; font-weight: 400; letter-spacing: normal; orphans: 2; text-align: left; text-indent: 0px; text-transform: none; widows: 2; word-spacing: 0px; -webkit-text-stroke-width: 0px; white-space: normal; background-color: #ffffff; text-decoration-thickness: initial; text-decoration-style: initial; text-decoration-color: initial;\"><strong>Vielen Dank an die Helfer, die zum Ausrichten der Versammlung beigetragen haben.<\/strong><\/p><\/div>\n\t\t\t<\/div>\n\t\t\t<\/div>\n\t\t\t\t\n\t\t\t\t\n\t\t\t\t\n\t\t\t\t\n\t\t\t<\/div>\n\t\t\t\t\n\t\t\t\t\n\t\t\t<\/div>\n","protected":false},"excerpt":{"rendered":"","protected":false},"author":1,"featured_media":0,"comment_status":"closed","ping_status":"closed","sticky":false,"template":"","format":"standard","meta":{"_et_pb_use_builder":"on","_et_pb_old_content":"","_et_gb_content_width":"","footnotes":""},"categories":[41],"tags":[],"class_list":["post-3721","post","type-post","status-publish","format-standard","hentry","category-vereinsnachrichten-2019"],"_links":{"self":[{"href":"https:\/\/mv-malschenberg.de\/index.php\/wp-json\/wp\/v2\/posts\/3721","targetHints":{"allow":["GET"]}}],"collection":[{"href":"https:\/\/mv-malschenberg.de\/index.php\/wp-json\/wp\/v2\/posts"}],"about":[{"href":"https:\/\/mv-malschenberg.de\/index.php\/wp-json\/wp\/v2\/types\/post"}],"author":[{"embeddable":true,"href":"https:\/\/mv-malschenberg.de\/index.php\/wp-json\/wp\/v2\/users\/1"}],"replies":[{"embeddable":true,"href":"https:\/\/mv-malschenberg.de\/index.php\/wp-json\/wp\/v2\/comments?post=3721"}],"version-history":[{"count":11,"href":"https:\/\/mv-malschenberg.de\/index.php\/wp-json\/wp\/v2\/posts\/3721\/revisions"}],"predecessor-version":[{"id":28070,"href":"https:\/\/mv-malschenberg.de\/index.php\/wp-json\/wp\/v2\/posts\/3721\/revisions\/28070"}],"wp:attachment":[{"href":"https:\/\/mv-malschenberg.de\/index.php\/wp-json\/wp\/v2\/media?parent=3721"}],"wp:term":[{"taxonomy":"category","embeddable":true,"href":"https:\/\/mv-malschenberg.de\/index.php\/wp-json\/wp\/v2\/categories?post=3721"},{"taxonomy":"post_tag","embeddable":true,"href":"https:\/\/mv-malschenberg.de\/index.php\/wp-json\/wp\/v2\/tags?post=3721"}],"curies":[{"name":"wp","href":"https:\/\/api.w.org\/{rel}","templated":true}]}}