{"id":3519,"date":"2019-12-12T10:46:08","date_gmt":"2019-12-12T10:46:08","guid":{"rendered":"https:\/\/web32941.greatnet-hosting.de\/?p=3519"},"modified":"2026-03-25T07:26:53","modified_gmt":"2026-03-25T06:26:53","slug":"weihnachtsplaetzchen-2019","status":"publish","type":"post","link":"https:\/\/mv-malschenberg.de\/index.php\/2019\/12\/12\/weihnachtsplaetzchen-2019\/","title":{"rendered":"Weihnachtspl\u00e4tzchen 2019"},"content":{"rendered":"<div class=\"et_d4_element et_pb_section et_pb_section_0  et_pb_css_mix_blend_mode et_section_regular et_block_section\" >\n\t\t\t\t\n\t\t\t\t\n\t\t\t\t\n\t\t\t\t\n\t\t\t\t\n\t\t\t\t\n\t\t\t\t<div class=\"et_d4_element et_pb_row et_pb_row_0  et_pb_css_mix_blend_mode et_block_row\">\n\t\t\t\t<div class=\"et_d4_element et_pb_column_4_4 et_pb_column et_pb_column_0  et_pb_css_mix_blend_mode et-last-child et_block_column\">\n\t\t\t\t\n\t\t\t\t\n\t\t\t\t\n\t\t\t\t\n\t\t\t\t<div class=\"et_pb_module et_d4_element et_pb_text et_pb_text_0  et_pb_text_align_left et_pb_bg_layout_light\">\n\t\t\t\t\n\t\t\t\t\n\t\t\t\t\n\t\t\t\t\n\t\t\t\t<div class=\"et_pb_text_inner\"><p style=\"color: #555555; font-family: Verdana, Helvetica, sans-serif; font-size: 13px; font-style: normal; font-variant-ligatures: normal; font-variant-caps: normal; font-weight: 400; letter-spacing: normal; orphans: 2; text-align: left; text-indent: 0px; text-transform: none; widows: 2; word-spacing: 0px; -webkit-text-stroke-width: 0px; white-space: normal; background-color: #ffffff; text-decoration-thickness: initial; text-decoration-style: initial; text-decoration-color: initial;\">Am 14.12.2019 war es wieder so weit. Der Musikverein Trachtenkapelle \u201eHarmonie\u201c Malschenberg veranstaltete sein 13. Weihnachtspl\u00e4tzchen. Nach den Gru\u00dfworten von der ersten Vorsitzenden Christa Sch\u00e4ffner besuchte der Nikolaus pers\u00f6nlich unsere J\u00fcngsten im Verein. Mit weihnachtlichen Liedern, als Duett auf den Instrumenten gespielt und vorgetragenen Gedichten von den Kindern der aktiven Musiker \u00a0begr\u00fc\u00dfte man schlie\u00dflich den Nikolaus (Jens F\u00f6rster) ganz herzlich. Nach so einem Empfang \u00fcberreichte der gute Mann jedem Kind ein kleines Geschenk. Mit einem gemeinsam gesungenen ,,Lasst uns froh und munter sein\u201c \u00a0wurde der Nikolaus f\u00fcr kurze Zeit verabschiedet.<\/p>\n<p style=\"color: #555555; font-family: Verdana, Helvetica, sans-serif; font-size: 13px; font-style: normal; font-variant-ligatures: normal; font-variant-caps: normal; font-weight: 400; letter-spacing: normal; orphans: 2; text-align: left; text-indent: 0px; text-transform: none; widows: 2; word-spacing: 0px; -webkit-text-stroke-width: 0px; white-space: normal; background-color: #ffffff; text-decoration-thickness: initial; text-decoration-style: initial; text-decoration-color: initial;\">So allm\u00e4hlich wurde der liebevoll gestaltete Platz vom Weihnachtspl\u00e4tzchen von den Besuchern gef\u00fcllt. Da wir immer zwei Varianten zu bieten haben, konnten es sich unsere Besucher aussuchen, ob sie sich drau\u00dfen auf dem gezierten Au\u00dfengel\u00e4nde \u00a0oder im weihnachtlich gezierten\u00a0 Untergeschoss der Brunnenberghalle aufhalten wollten. Auch der Verkaufsstand mit allerlei kunstvollen Weihnachtsartikeln und Weihnachtsgeb\u00e4ck im Untergeschoss wurde von unseren G\u00e4sten gerne angenommen.<\/p>\n<p style=\"color: #555555; font-family: Verdana, Helvetica, sans-serif; font-size: 13px; font-style: normal; font-variant-ligatures: normal; font-variant-caps: normal; font-weight: 400; letter-spacing: normal; orphans: 2; text-align: left; text-indent: 0px; text-transform: none; widows: 2; word-spacing: 0px; -webkit-text-stroke-width: 0px; white-space: normal; background-color: #ffffff; text-decoration-thickness: initial; text-decoration-style: initial; text-decoration-color: initial;\">Es ist schon Tradition, dass einige Aktive unter der Leitung unseres Dirigenten Erich Merklinger die G\u00e4ste den Abend \u00fcber im Saal, sowie im Au\u00dfenbereich mit festlichen Weihnachtsliedern unterhielten, und eine sch\u00f6ne Weihnachtsstimmung war perfekt. So kam auch der Nikolaus noch einmal vorbei, um die kleinen Weihnachtspl\u00e4tzchen \u2013 Besucher zu beschenken. Auch unsere zwei Himmelsboten waren wieder zu Gast, in Malschenberg und besuchten unser Weihnachtspl\u00e4tzchen. Als Weihnachtsengel erschienen Frau H\u00fctt \u2013 Berger und Frau Uhrig. Sie begr\u00fc\u00dften die braven Erdlingen, ob gro\u00df oder klein. Bei herrlich duftendem Gl\u00fchwein und allerlei k\u00f6stlichen Speisen konnten sich die zahlreichen G\u00e4ste so richtig verw\u00f6hnen lassen und die sch\u00f6ne Vorweihnachtszeit genie\u00dfen.<\/p>\n<p style=\"color: #555555; font-family: Verdana, Helvetica, sans-serif; font-size: 13px; font-style: normal; font-variant-ligatures: normal; font-variant-caps: normal; font-weight: 400; letter-spacing: normal; orphans: 2; text-align: left; text-indent: 0px; text-transform: none; widows: 2; word-spacing: 0px; -webkit-text-stroke-width: 0px; white-space: normal; background-color: #ffffff; text-decoration-thickness: initial; text-decoration-style: initial; text-decoration-color: initial;\">Nach einem gelungenen und arbeitsreichen Weihnachtspl\u00e4tzchen ist es wieder an der Zeit, ein ganz GROSSES\u00a0<span>\u00a0<\/span><strong>DANKESCH\u00d6N<span>\u00a0<\/span><\/strong>an die Helfer, ob jung oder fortgeschrittenen Alters vom Auf- und Abbau, dem ganzen Helferteam von K\u00fcche und Verkaufsst\u00e4nden, den Pl\u00e4tzchenb\u00e4ckerinnen und Pl\u00e4tzchenb\u00e4cker, unserem Nikolaus Jens F\u00f6rster, den Engeln f\u00fcr ihr Erscheinen, den Spendern der Weihnachtsb\u00e4ume, dem Festausschuss, der Vorstandschaft, den G\u00e4sten aus nah und fern f\u00fcr ihr Kommen. Immer wieder sch\u00f6n sind auch die belobigenden Worte von den G\u00e4sten an uns.<\/p>\n<p style=\"color: #555555; font-family: Verdana, Helvetica, sans-serif; font-size: 13px; font-style: normal; font-variant-ligatures: normal; font-variant-caps: normal; font-weight: 400; letter-spacing: normal; orphans: 2; text-align: left; text-indent: 0px; text-transform: none; widows: 2; word-spacing: 0px; -webkit-text-stroke-width: 0px; white-space: normal; background-color: #ffffff; text-decoration-thickness: initial; text-decoration-style: initial; text-decoration-color: initial;\">Durch eure Mithilfe wurde wieder ein gelungenes Weihnachtspl\u00e4tzchen durchgef\u00fchrt.<\/p><\/div>\n\t\t\t<\/div>\n\t\t\t<\/div>\n\t\t\t\t\n\t\t\t\t\n\t\t\t\t\n\t\t\t\t\n\t\t\t<\/div>\n\t\t\t\t\n\t\t\t\t\n\t\t\t<\/div>\n","protected":false},"excerpt":{"rendered":"","protected":false},"author":1,"featured_media":0,"comment_status":"closed","ping_status":"closed","sticky":false,"template":"","format":"standard","meta":{"_et_pb_use_builder":"on","_et_pb_old_content":"","_et_gb_content_width":"","footnotes":""},"categories":[41],"tags":[],"class_list":["post-3519","post","type-post","status-publish","format-standard","hentry","category-vereinsnachrichten-2019"],"_links":{"self":[{"href":"https:\/\/mv-malschenberg.de\/index.php\/wp-json\/wp\/v2\/posts\/3519","targetHints":{"allow":["GET"]}}],"collection":[{"href":"https:\/\/mv-malschenberg.de\/index.php\/wp-json\/wp\/v2\/posts"}],"about":[{"href":"https:\/\/mv-malschenberg.de\/index.php\/wp-json\/wp\/v2\/types\/post"}],"author":[{"embeddable":true,"href":"https:\/\/mv-malschenberg.de\/index.php\/wp-json\/wp\/v2\/users\/1"}],"replies":[{"embeddable":true,"href":"https:\/\/mv-malschenberg.de\/index.php\/wp-json\/wp\/v2\/comments?post=3519"}],"version-history":[{"count":8,"href":"https:\/\/mv-malschenberg.de\/index.php\/wp-json\/wp\/v2\/posts\/3519\/revisions"}],"predecessor-version":[{"id":27774,"href":"https:\/\/mv-malschenberg.de\/index.php\/wp-json\/wp\/v2\/posts\/3519\/revisions\/27774"}],"wp:attachment":[{"href":"https:\/\/mv-malschenberg.de\/index.php\/wp-json\/wp\/v2\/media?parent=3519"}],"wp:term":[{"taxonomy":"category","embeddable":true,"href":"https:\/\/mv-malschenberg.de\/index.php\/wp-json\/wp\/v2\/categories?post=3519"},{"taxonomy":"post_tag","embeddable":true,"href":"https:\/\/mv-malschenberg.de\/index.php\/wp-json\/wp\/v2\/tags?post=3519"}],"curies":[{"name":"wp","href":"https:\/\/api.w.org\/{rel}","templated":true}]}}