{"id":28914,"date":"2026-08-31T06:33:12","date_gmt":"2026-08-31T04:33:12","guid":{"rendered":"https:\/\/mv-malschenberg.de\/?p=28914"},"modified":"2026-08-31T06:33:12","modified_gmt":"2026-08-31T04:33:12","slug":"geburtstagsgruesse-august-2026","status":"publish","type":"post","link":"https:\/\/mv-malschenberg.de\/index.php\/2026\/08\/31\/geburtstagsgruesse-august-2026\/","title":{"rendered":"Geburtstagsgr\u00fc\u00dfe August 2026"},"content":{"rendered":"<div class=\"et_pb_section_0 et_pb_section et_section_regular et_block_section\">\n<div class=\"et_pb_row_0 et_pb_row et_block_row\">\n<div class=\"et_pb_column_0 et_pb_column et_pb_column_4_4 et-last-child et_block_column et_pb_css_mix_blend_mode_passthrough\">\n<div class=\"et_pb_text_0 et_pb_text et_pb_bg_layout_light et_pb_module et_block_module\"><div class=\"et_pb_text_inner\"><p>Unseren \u00a0aktiven und passiven Geburtstagskindern des Monats<strong> August 2026 <\/strong>w\u00fcnschen wir auf diesem Wege nachtr\u00e4glich alles erdenklich Gute, viel Gl\u00fcck und vor allem recht viel Gesundheit.<\/p>\n<\/div><\/div>\n\n<div class=\"et_pb_image_0 et_pb_image et_pb_module et_flex_module\"><span class=\"et_pb_image_wrap\"><img loading=\"lazy\" decoding=\"async\" src=\"https:\/\/mv-malschenberg.de\/wp-content\/uploads\/2026\/08\/Aug-26.jpg\" title=\"Aug 26\" width=\"621\" height=\"466\" srcset=\"https:\/\/mv-malschenberg.de\/wp-content\/uploads\/2026\/08\/Aug-26.jpg 621w, https:\/\/mv-malschenberg.de\/wp-content\/uploads\/2026\/08\/Aug-26-480x360.jpg 480w\" sizes=\"(min-width: 0px) and (max-width: 480px) 480px, (min-width: 481px) 621px, 100vw\" class=\"wp-image-28916\" \/><\/span><\/div>\n\n<div class=\"et_pb_text_1 et_pb_text et_pb_bg_layout_light et_pb_module et_flex_module\"><div class=\"et_pb_text_inner\"><p style=\"text-align: center;\">Herzlichen Gl\u00fcckwunsch<br \/>\nEure Trachtenkapelle \u201eHarmonie\u201c Malschenberg<\/p>\n<\/div><\/div>\n<\/div>\n<\/div>\n<\/div>","protected":false},"excerpt":{"rendered":"","protected":false},"author":1,"featured_media":0,"comment_status":"closed","ping_status":"closed","sticky":false,"template":"","format":"standard","meta":{"footnotes":""},"categories":[77],"tags":[],"class_list":["post-28914","post","type-post","status-publish","format-standard","hentry","category-vereinsnachrichten-2026"],"_links":{"self":[{"href":"https:\/\/mv-malschenberg.de\/index.php\/wp-json\/wp\/v2\/posts\/28914","targetHints":{"allow":["GET"]}}],"collection":[{"href":"https:\/\/mv-malschenberg.de\/index.php\/wp-json\/wp\/v2\/posts"}],"about":[{"href":"https:\/\/mv-malschenberg.de\/index.php\/wp-json\/wp\/v2\/types\/post"}],"author":[{"embeddable":true,"href":"https:\/\/mv-malschenberg.de\/index.php\/wp-json\/wp\/v2\/users\/1"}],"replies":[{"embeddable":true,"href":"https:\/\/mv-malschenberg.de\/index.php\/wp-json\/wp\/v2\/comments?post=28914"}],"version-history":[{"count":2,"href":"https:\/\/mv-malschenberg.de\/index.php\/wp-json\/wp\/v2\/posts\/28914\/revisions"}],"predecessor-version":[{"id":28917,"href":"https:\/\/mv-malschenberg.de\/index.php\/wp-json\/wp\/v2\/posts\/28914\/revisions\/28917"}],"wp:attachment":[{"href":"https:\/\/mv-malschenberg.de\/index.php\/wp-json\/wp\/v2\/media?parent=28914"}],"wp:term":[{"taxonomy":"category","embeddable":true,"href":"https:\/\/mv-malschenberg.de\/index.php\/wp-json\/wp\/v2\/categories?post=28914"},{"taxonomy":"post_tag","embeddable":true,"href":"https:\/\/mv-malschenberg.de\/index.php\/wp-json\/wp\/v2\/tags?post=28914"}],"curies":[{"name":"wp","href":"https:\/\/api.w.org\/{rel}","templated":true}]}}