{"id":13084,"date":"2024-07-29T04:07:34","date_gmt":"2024-07-29T04:07:34","guid":{"rendered":"https:\/\/mv-malschenberg.de\/?p=13084"},"modified":"2026-03-25T07:20:04","modified_gmt":"2026-03-25T06:20:04","slug":"12-weizenbierfest-malsch-2024","status":"publish","type":"post","link":"https:\/\/mv-malschenberg.de\/index.php\/2024\/07\/29\/12-weizenbierfest-malsch-2024\/","title":{"rendered":"12. Weizenbierfest Malsch 2024"},"content":{"rendered":"<div class=\"et_d4_element et_pb_section et_pb_section_0  et_pb_css_mix_blend_mode et_section_regular et_block_section\" >\n\t\t\t\t\n\t\t\t\t\n\t\t\t\t\n\t\t\t\t\n\t\t\t\t\n\t\t\t\t\n\t\t\t\t<div class=\"et_d4_element et_pb_row et_pb_row_0  et_pb_css_mix_blend_mode et_block_row\">\n\t\t\t\t<div class=\"et_d4_element et_pb_column_4_4 et_pb_column et_pb_column_0  et_pb_css_mix_blend_mode et-last-child et_block_column\">\n\t\t\t\t\n\t\t\t\t\n\t\t\t\t\n\t\t\t\t\n\t\t\t\t<div class=\"et_pb_module et_d4_element et_pb_text et_pb_text_0  et_pb_text_align_left et_pb_bg_layout_light\">\n\t\t\t\t\n\t\t\t\t\n\t\t\t\t\n\t\t\t\t\n\t\t\t\t<div class=\"et_pb_text_inner\"><p>Bei herrlichem Sonnenschein und idealem Fr\u00fchschoppen \u2013 Wetter spielten die aktiven Musikerinnen und Musiker der Trachtenkapelle \u201eHarmonie\u201c\u00a0 Malschenberg am 28.7.2024 bei unseren Musikfreunden in Malsch bei ihrem traditionellen Weizenbierfest auf dem Dorfplatz auf. Der Vorsitzende Peter Dohmeier begr\u00fc\u00dfte die Musikerinnen und Musiker recht herzlich.<\/p>\n<p>Mit gewohnter flotter Blas - und Unterhaltungsmusik, die unter der bew\u00e4hrten Regie unseres Dirigenten Erich Merklinger dargeboten wurde, unterhielt man die zahlreichen Festbesucher von 11:00 bis 13:00 Uhr. Nat\u00fcrlich durfte der Gesang bei so einem Fest\u00a0 nicht fehlen. Das Gesangs \u2013 Duo Erich und R\u00fcdiger sorgten f\u00fcr stimmungsvolle Unterhaltung.<\/p>\n<p>Es zeigte sich ein herrlicher Vormittag bei guter Musik und gut gelaunten G\u00e4sten. Nach zwei Stunden beendete man den sch\u00f6nen Auftritt in Malsch mit dem Lied \u201e Bis bald auf Wiedersehn.\u201c Die G\u00e4ste dankten es mit viel Applaus und die Zugabe - Rufe waren nicht zu \u00fcberh\u00f6ren. So spielte die Kapelle noch das Lied \u201eHoch Badnerland\u201c und das \u201eTrompeten Echo\u201c, bevor man sich in die Sommerpause verabschiedete<\/p><\/div>\n\t\t\t<\/div>\n\t\t\t<\/div>\n\t\t\t\t\n\t\t\t\t\n\t\t\t\t\n\t\t\t\t\n\t\t\t<\/div>\n\t\t\t\t\n\t\t\t\t\n\t\t\t<\/div>\n","protected":false},"excerpt":{"rendered":"","protected":false},"author":1,"featured_media":0,"comment_status":"closed","ping_status":"closed","sticky":false,"template":"","format":"standard","meta":{"_et_pb_use_builder":"on","_et_pb_old_content":"","_et_gb_content_width":"","footnotes":""},"categories":[62],"tags":[],"class_list":["post-13084","post","type-post","status-publish","format-standard","hentry","category-vereinsnachrichten-2024"],"_links":{"self":[{"href":"https:\/\/mv-malschenberg.de\/index.php\/wp-json\/wp\/v2\/posts\/13084","targetHints":{"allow":["GET"]}}],"collection":[{"href":"https:\/\/mv-malschenberg.de\/index.php\/wp-json\/wp\/v2\/posts"}],"about":[{"href":"https:\/\/mv-malschenberg.de\/index.php\/wp-json\/wp\/v2\/types\/post"}],"author":[{"embeddable":true,"href":"https:\/\/mv-malschenberg.de\/index.php\/wp-json\/wp\/v2\/users\/1"}],"replies":[{"embeddable":true,"href":"https:\/\/mv-malschenberg.de\/index.php\/wp-json\/wp\/v2\/comments?post=13084"}],"version-history":[{"count":8,"href":"https:\/\/mv-malschenberg.de\/index.php\/wp-json\/wp\/v2\/posts\/13084\/revisions"}],"predecessor-version":[{"id":27542,"href":"https:\/\/mv-malschenberg.de\/index.php\/wp-json\/wp\/v2\/posts\/13084\/revisions\/27542"}],"wp:attachment":[{"href":"https:\/\/mv-malschenberg.de\/index.php\/wp-json\/wp\/v2\/media?parent=13084"}],"wp:term":[{"taxonomy":"category","embeddable":true,"href":"https:\/\/mv-malschenberg.de\/index.php\/wp-json\/wp\/v2\/categories?post=13084"},{"taxonomy":"post_tag","embeddable":true,"href":"https:\/\/mv-malschenberg.de\/index.php\/wp-json\/wp\/v2\/tags?post=13084"}],"curies":[{"name":"wp","href":"https:\/\/api.w.org\/{rel}","templated":true}]}}