{"id":12893,"date":"2024-05-13T04:25:01","date_gmt":"2024-05-13T04:25:01","guid":{"rendered":"https:\/\/mv-malschenberg.de\/?p=12893"},"modified":"2026-03-25T07:20:21","modified_gmt":"2026-03-25T06:20:21","slug":"auftritt-beim-bayern-und-gebirgstrachtenverein-heidelberg-2024","status":"publish","type":"post","link":"https:\/\/mv-malschenberg.de\/index.php\/2024\/05\/13\/auftritt-beim-bayern-und-gebirgstrachtenverein-heidelberg-2024\/","title":{"rendered":"Auftritt beim Bayern- und Gebirgstrachtenverein Heidelberg 2024"},"content":{"rendered":"<div class=\"et_d4_element et_pb_section et_pb_section_0  et_pb_css_mix_blend_mode et_section_regular et_block_section\" >\n\t\t\t\t\n\t\t\t\t\n\t\t\t\t\n\t\t\t\t\n\t\t\t\t\n\t\t\t\t\n\t\t\t\t<div class=\"et_d4_element et_pb_row et_pb_row_0  et_pb_css_mix_blend_mode et_block_row\">\n\t\t\t\t<div class=\"et_d4_element et_pb_column_4_4 et_pb_column et_pb_column_0  et_pb_css_mix_blend_mode et-last-child et_block_column\">\n\t\t\t\t\n\t\t\t\t\n\t\t\t\t\n\t\t\t\t\n\t\t\t\t<div class=\"et_pb_module et_d4_element et_pb_text et_pb_text_0  et_pb_text_align_left et_pb_bg_layout_light\">\n\t\t\t\t\n\t\t\t\t\n\t\t\t\t\n\t\t\t\t\n\t\t\t\t<div class=\"et_pb_text_inner\"><p>Zum 125 j\u00e4hrigen Jubil\u00e4um des Bayern- und Gebirgstrachtenvereins Heidelberg spielten die Aktiven des Musikvereins Trachtenkapelle \u201eHarmonie\u201c Malschenberg am 9.5. (Vatertag) von 11:00 \u2013 13:30 Uhr \u00a0zum Fr\u00fchschoppen auf. Der Vorsitzende J\u00f6rg Grober begr\u00fc\u00dfte die Musiker und Musikerinnen recht herzlich.<\/p>\n<p>Passend zu diesem Verein wurden die zahlreichen G\u00e4ste bei strahlendem Sonnenschein und sommerlichen Temperaturen mit traditioneller Blasmusik unterhalten. Es wurde feinste b\u00f6hmische Blas- und Unterhaltungsmusik, unter der bew\u00e4hrten Leitung unseres Dirigenten Erich Merklinger, dargeboten. Unser Gesangsduo R\u00fcdiger und Erich verstanden es pr\u00e4chtig, das gut gelaunte Publikum in unseren Bann zu ziehen, und so richtig zum Schunkeln und Mitsingen zu inspirieren. Gro\u00dfe Aufmerksamkeit durfte Erwin Knopf bei seinem L\u00f6ffelsolo bei der L\u00f6ffelpolka entgegennehmen. Nach \u00fcber zwei Stunden beendete man den gelungenen Auftritt mit dem Lied \u201eBis bald auf wiedersehn.\u201c Die Zuh\u00f6rer bedankten sich mit viel Applaus. Als letzte Zugabe spielte die Kapelle noch das \u201eTrompeten Echo.\u201c<\/p>\n<p>&nbsp;<\/p><\/div>\n\t\t\t<\/div>\n\t\t\t<\/div>\n\t\t\t\t\n\t\t\t\t\n\t\t\t\t\n\t\t\t\t\n\t\t\t<\/div>\n\t\t\t\t\n\t\t\t\t\n\t\t\t<\/div>\n","protected":false},"excerpt":{"rendered":"","protected":false},"author":1,"featured_media":0,"comment_status":"closed","ping_status":"closed","sticky":false,"template":"","format":"standard","meta":{"_et_pb_use_builder":"on","_et_pb_old_content":"","_et_gb_content_width":"","footnotes":""},"categories":[62],"tags":[],"class_list":["post-12893","post","type-post","status-publish","format-standard","hentry","category-vereinsnachrichten-2024"],"_links":{"self":[{"href":"https:\/\/mv-malschenberg.de\/index.php\/wp-json\/wp\/v2\/posts\/12893","targetHints":{"allow":["GET"]}}],"collection":[{"href":"https:\/\/mv-malschenberg.de\/index.php\/wp-json\/wp\/v2\/posts"}],"about":[{"href":"https:\/\/mv-malschenberg.de\/index.php\/wp-json\/wp\/v2\/types\/post"}],"author":[{"embeddable":true,"href":"https:\/\/mv-malschenberg.de\/index.php\/wp-json\/wp\/v2\/users\/1"}],"replies":[{"embeddable":true,"href":"https:\/\/mv-malschenberg.de\/index.php\/wp-json\/wp\/v2\/comments?post=12893"}],"version-history":[{"count":8,"href":"https:\/\/mv-malschenberg.de\/index.php\/wp-json\/wp\/v2\/posts\/12893\/revisions"}],"predecessor-version":[{"id":27552,"href":"https:\/\/mv-malschenberg.de\/index.php\/wp-json\/wp\/v2\/posts\/12893\/revisions\/27552"}],"wp:attachment":[{"href":"https:\/\/mv-malschenberg.de\/index.php\/wp-json\/wp\/v2\/media?parent=12893"}],"wp:term":[{"taxonomy":"category","embeddable":true,"href":"https:\/\/mv-malschenberg.de\/index.php\/wp-json\/wp\/v2\/categories?post=12893"},{"taxonomy":"post_tag","embeddable":true,"href":"https:\/\/mv-malschenberg.de\/index.php\/wp-json\/wp\/v2\/tags?post=12893"}],"curies":[{"name":"wp","href":"https:\/\/api.w.org\/{rel}","templated":true}]}}