{"id":12629,"date":"2024-03-25T05:24:55","date_gmt":"2024-03-25T05:24:55","guid":{"rendered":"https:\/\/mv-malschenberg.de\/?p=12629"},"modified":"2026-03-25T07:20:35","modified_gmt":"2026-03-25T06:20:35","slug":"der-musikverein-trachtenkapelle-harmonie-malschenberg-e-v","status":"publish","type":"post","link":"https:\/\/mv-malschenberg.de\/index.php\/2024\/03\/25\/der-musikverein-trachtenkapelle-harmonie-malschenberg-e-v\/","title":{"rendered":"Der Musikverein Trachtenkapelle \u201eHarmonie\u201c Malschenberg e.V. 2024"},"content":{"rendered":"<div class=\"et_d4_element et_pb_section et_pb_section_0  et_pb_css_mix_blend_mode et_section_regular et_block_section\" >\n\t\t\t\t\n\t\t\t\t\n\t\t\t\t\n\t\t\t\t\n\t\t\t\t\n\t\t\t\t\n\t\t\t\t<div class=\"et_d4_element et_pb_row et_pb_row_0  et_pb_css_mix_blend_mode et_block_row\">\n\t\t\t\t<div class=\"et_d4_element et_pb_column_4_4 et_pb_column et_pb_column_0  et_pb_css_mix_blend_mode et-last-child et_block_column\">\n\t\t\t\t\n\t\t\t\t\n\t\t\t\t\n\t\t\t\t\n\t\t\t\t<div class=\"et_pb_module et_d4_element et_pb_text et_pb_text_0  et_pb_text_align_left et_pb_bg_layout_light\">\n\t\t\t\t\n\t\t\t\t\n\t\t\t\t\n\t\t\t\t\n\t\t\t\t<div class=\"et_pb_text_inner\"><p>Am 09.07.1951 schlug die Geburtsstunde des Musikvereins Trachtenkapelle \u201eHarmonie\u201c Malschenberg. Der erste Vorsitzende war Paul Becker, das Amt des zweiten Vorsitzenden war damals unbesetzt. Erst 1952 \u00fcbernahm Ottmar Knopf dieses Amt. Damals waren es 11 aktive Musiker, und der erste Dirigent war Leo St\u00f6hr aus Rot. Den ersten \u00f6ffentlichen Auftritt bestritt man am 24.12.1951 beim Kriegerdenkmal vor der alten Kirche. Die damaligen aktiven Musiker mit ihrem Dirigenten Leo St\u00f6hr waren: Sebastian Roth, Franz Czaker, Urban F\u00f6rderer, Reinhard Becker, Michael Roth, Edmund Hock, Karl Keilbach, Albrecht Bender, Alfons Leyer, Arno Kretz und Gottfried Hock. Mittlerweile sind 73 Jahre ins Land gezogen. Zurzeit sind wir 23 aktive Musiker und Musikerinnen mit unserem Dirigenten Erich Merklinger aus Walldorf und haben 194 Mitglieder. Unser Hauptaugenmerk liegt bei der B\u00f6hmisch \u2013 M\u00e4hrischen Blasmusik. So spielen wir volkst\u00fcmliche, kirchliche und festliche Musik. Auch bei Umz\u00fcgen sind wir mit Marschmusik dabei.<\/p>\n<p>Damit wir diese Tradition noch lange umsetzen k\u00f6nnen, suchen wir ehemalige Musikerinnen und Musiker oder auch zugezogene Musikerinnen und Musiker, die Lust auf Blasmusik haben, und gerne in unserem Verein mitspielen m\u00f6chten. Ihr sind herzlich bei unserem Musikverein Trachtenkapelle \u201eHarmonie\u201c Malschenberg willkommen. Ob jung oder fortgeschrittenen Alters ist egal. Kommt einfach mal mit oder ohne Instrument bei der Probe vorbei. Die Probe findet immer freitags um 20:00 Uhr im Untergeschoss der Brunnenberghalle statt. Also, keine Hemmungen. Es ist nur der erste Schritt, der \u00fcberwunden werden muss.<\/p>\n<p>Weitere Infos finden Sie auf unserer Website<span style=\"text-decoration: underline;\"><strong> <a href=\"https:\/\/mv-malschenberg.de\/\">https:\/\/mv-malschenberg.de\/<\/a><\/strong><\/span><\/p>\n<p>&nbsp;<\/p><\/div>\n\t\t\t<\/div>\n\t\t\t<\/div>\n\t\t\t\t\n\t\t\t\t\n\t\t\t\t\n\t\t\t\t\n\t\t\t<\/div>\n\t\t\t\t\n\t\t\t\t\n\t\t\t<\/div>\n","protected":false},"excerpt":{"rendered":"","protected":false},"author":1,"featured_media":0,"comment_status":"closed","ping_status":"closed","sticky":false,"template":"","format":"standard","meta":{"_et_pb_use_builder":"on","_et_pb_old_content":"","_et_gb_content_width":"","footnotes":""},"categories":[62],"tags":[],"class_list":["post-12629","post","type-post","status-publish","format-standard","hentry","category-vereinsnachrichten-2024"],"_links":{"self":[{"href":"https:\/\/mv-malschenberg.de\/index.php\/wp-json\/wp\/v2\/posts\/12629","targetHints":{"allow":["GET"]}}],"collection":[{"href":"https:\/\/mv-malschenberg.de\/index.php\/wp-json\/wp\/v2\/posts"}],"about":[{"href":"https:\/\/mv-malschenberg.de\/index.php\/wp-json\/wp\/v2\/types\/post"}],"author":[{"embeddable":true,"href":"https:\/\/mv-malschenberg.de\/index.php\/wp-json\/wp\/v2\/users\/1"}],"replies":[{"embeddable":true,"href":"https:\/\/mv-malschenberg.de\/index.php\/wp-json\/wp\/v2\/comments?post=12629"}],"version-history":[{"count":9,"href":"https:\/\/mv-malschenberg.de\/index.php\/wp-json\/wp\/v2\/posts\/12629\/revisions"}],"predecessor-version":[{"id":27561,"href":"https:\/\/mv-malschenberg.de\/index.php\/wp-json\/wp\/v2\/posts\/12629\/revisions\/27561"}],"wp:attachment":[{"href":"https:\/\/mv-malschenberg.de\/index.php\/wp-json\/wp\/v2\/media?parent=12629"}],"wp:term":[{"taxonomy":"category","embeddable":true,"href":"https:\/\/mv-malschenberg.de\/index.php\/wp-json\/wp\/v2\/categories?post=12629"},{"taxonomy":"post_tag","embeddable":true,"href":"https:\/\/mv-malschenberg.de\/index.php\/wp-json\/wp\/v2\/tags?post=12629"}],"curies":[{"name":"wp","href":"https:\/\/api.w.org\/{rel}","templated":true}]}}