{"id":12088,"date":"2024-01-30T05:14:43","date_gmt":"2024-01-30T05:14:43","guid":{"rendered":"https:\/\/mv-malschenberg.de\/?p=12088"},"modified":"2026-03-25T07:20:55","modified_gmt":"2026-03-25T06:20:55","slug":"geburtstagskind-mayer-wolfgang-3","status":"publish","type":"post","link":"https:\/\/mv-malschenberg.de\/index.php\/2024\/01\/30\/geburtstagskind-mayer-wolfgang-3\/","title":{"rendered":"Geburtstagskind Mayer Wolfgang 2024"},"content":{"rendered":"<div class=\"et_d4_element et_pb_section et_pb_section_0  et_pb_css_mix_blend_mode et_section_regular et_block_section\" >\n\t\t\t\t\n\t\t\t\t\n\t\t\t\t\n\t\t\t\t\n\t\t\t\t\n\t\t\t\t\n\t\t\t\t<div class=\"et_d4_element et_pb_row et_pb_row_0  et_pb_css_mix_blend_mode et_block_row\">\n\t\t\t\t<div class=\"et_d4_element et_pb_column_4_4 et_pb_column et_pb_column_0  et_pb_css_mix_blend_mode et-last-child et_block_column\">\n\t\t\t\t\n\t\t\t\t\n\t\t\t\t\n\t\t\t\t\n\t\t\t\t<div class=\"et_pb_module et_d4_element et_pb_text et_pb_text_0  et_pb_text_align_left et_pb_bg_layout_light\">\n\t\t\t\t\n\t\t\t\t\n\t\t\t\t\n\t\t\t\t\n\t\t\t\t<div class=\"et_pb_text_inner\"><p>Am 26.1.2024 durfte unser f\u00f6rderndes Mitglied <strong>Wolfgang Mayer<\/strong> seinen <strong>85.\u00a0<\/strong><strong>Geburtstag<\/strong> feiern. Unser Pressewart Uwe Reichenbach besuchte den Jubilar an seinem Ehrentag und \u00fcberbrachte ihm ein Pr\u00e4sent, sowie die besten Gl\u00fcck - und Segensw\u00fcnsche im Namen des Musikvereins Trachtenkapelle \u201eHarmonie\u201c Malschenberg.<\/p>\n<p>Sehr erfreut\u00a0 wurde Uwe von unserem Geburtstagskind zu einem Umtrunk mit Imbiss herzlich eingeladen. Bei einer gem\u00fctlichen Atmosph\u00e4re und netten Gespr\u00e4chen verging die Zeit wie im Flug.<\/p>\n<p>Wolfgang Mayer unterst\u00fctzt uns bereits seit 24 Jahren.<\/p>\n<p>Wir w\u00fcnschen unserem Jubilar nochmals alles erdenklich Gute, viel Gl\u00fcck und noch viele sch\u00f6ne Jahre bei bester Gesundheit.<\/p>\n<p>Vielen Dank f\u00fcr die gro\u00dfz\u00fcgige Spende, die sehr gute Bewirtung unseres Gratulanten, sowie die lange Vereinszugeh\u00f6rigkeit zum Musikverein Trachtenkapelle \u201eHarmonie\u201c Malschenberg.<\/p>\n<p>&nbsp;<\/p><\/div>\n\t\t\t<\/div>\n\t\t\t<\/div>\n\t\t\t\t\n\t\t\t\t\n\t\t\t\t\n\t\t\t\t\n\t\t\t<\/div>\n\t\t\t\t\n\t\t\t\t\n\t\t\t<\/div>\n","protected":false},"excerpt":{"rendered":"","protected":false},"author":1,"featured_media":0,"comment_status":"closed","ping_status":"closed","sticky":false,"template":"","format":"standard","meta":{"_et_pb_use_builder":"on","_et_pb_old_content":"","_et_gb_content_width":"","footnotes":""},"categories":[62],"tags":[],"class_list":["post-12088","post","type-post","status-publish","format-standard","hentry","category-vereinsnachrichten-2024"],"_links":{"self":[{"href":"https:\/\/mv-malschenberg.de\/index.php\/wp-json\/wp\/v2\/posts\/12088","targetHints":{"allow":["GET"]}}],"collection":[{"href":"https:\/\/mv-malschenberg.de\/index.php\/wp-json\/wp\/v2\/posts"}],"about":[{"href":"https:\/\/mv-malschenberg.de\/index.php\/wp-json\/wp\/v2\/types\/post"}],"author":[{"embeddable":true,"href":"https:\/\/mv-malschenberg.de\/index.php\/wp-json\/wp\/v2\/users\/1"}],"replies":[{"embeddable":true,"href":"https:\/\/mv-malschenberg.de\/index.php\/wp-json\/wp\/v2\/comments?post=12088"}],"version-history":[{"count":10,"href":"https:\/\/mv-malschenberg.de\/index.php\/wp-json\/wp\/v2\/posts\/12088\/revisions"}],"predecessor-version":[{"id":27572,"href":"https:\/\/mv-malschenberg.de\/index.php\/wp-json\/wp\/v2\/posts\/12088\/revisions\/27572"}],"wp:attachment":[{"href":"https:\/\/mv-malschenberg.de\/index.php\/wp-json\/wp\/v2\/media?parent=12088"}],"wp:term":[{"taxonomy":"category","embeddable":true,"href":"https:\/\/mv-malschenberg.de\/index.php\/wp-json\/wp\/v2\/categories?post=12088"},{"taxonomy":"post_tag","embeddable":true,"href":"https:\/\/mv-malschenberg.de\/index.php\/wp-json\/wp\/v2\/tags?post=12088"}],"curies":[{"name":"wp","href":"https:\/\/api.w.org\/{rel}","templated":true}]}}