{"id":11363,"date":"2023-11-13T05:14:27","date_gmt":"2023-11-13T05:14:27","guid":{"rendered":"https:\/\/mv-malschenberg.de\/?p=11363"},"modified":"2026-03-25T07:21:29","modified_gmt":"2026-03-25T06:21:29","slug":"martinsumzug-2023","status":"publish","type":"post","link":"https:\/\/mv-malschenberg.de\/index.php\/2023\/11\/13\/martinsumzug-2023\/","title":{"rendered":"Martinsumzug 2023"},"content":{"rendered":"<div class=\"et_d4_element et_pb_section et_pb_section_0  et_pb_css_mix_blend_mode et_section_regular et_block_section\" >\n\t\t\t\t\n\t\t\t\t\n\t\t\t\t\n\t\t\t\t\n\t\t\t\t\n\t\t\t\t\n\t\t\t\t<div class=\"et_d4_element et_pb_row et_pb_row_0  et_pb_css_mix_blend_mode et_block_row\">\n\t\t\t\t<div class=\"et_d4_element et_pb_column_4_4 et_pb_column et_pb_column_0  et_pb_css_mix_blend_mode et-last-child et_block_column\">\n\t\t\t\t\n\t\t\t\t\n\t\t\t\t\n\t\t\t\t\n\t\t\t\t<div class=\"et_pb_module et_d4_element et_pb_text et_pb_text_0  et_pb_text_align_left et_pb_bg_layout_light\">\n\t\t\t\t\n\t\t\t\t\n\t\t\t\t\n\t\t\t\t\n\t\t\t\t<div class=\"et_pb_text_inner\"><p>Am Freitag, den 10.11.2023 begleiteten die aktiven Musiker der Trachtenkapelle mit ihrem Dirigenten Erich Merklinger den Sankt Martinsumzug in Malschenberg. Trotz der nasskalten Witterung hatten sich zahlreiche Kinder mit ihren Eltern, Opas und Omas beim Vorplatz der Kirche zusammengefunden, um mit ihren bunten Laternen durch die Stra\u00dfen Malschenberg\u2018s zu ziehen. Unter den Kl\u00e4ngen des Musikverein Malschenberg wurden die traditionellen Martinslieder teils mitgesungen. Beim Feuerwehrhaus lie\u00df man schlie\u00dflich den Martinsumzug beim gro\u00dfen Martinsfeuer,\u00a0 mit Gl\u00fchwein und allerlei K\u00f6stlichem ausklingen.<\/p><\/div>\n\t\t\t<\/div>\n\t\t\t<\/div>\n\t\t\t\t\n\t\t\t\t\n\t\t\t\t\n\t\t\t\t\n\t\t\t<\/div>\n\t\t\t\t\n\t\t\t\t\n\t\t\t<\/div>\n","protected":false},"excerpt":{"rendered":"","protected":false},"author":1,"featured_media":0,"comment_status":"closed","ping_status":"closed","sticky":false,"template":"","format":"standard","meta":{"_et_pb_use_builder":"on","_et_pb_old_content":"","_et_gb_content_width":"","footnotes":""},"categories":[1],"tags":[],"class_list":["post-11363","post","type-post","status-publish","format-standard","hentry","category-vereinsnachrichten-2023"],"_links":{"self":[{"href":"https:\/\/mv-malschenberg.de\/index.php\/wp-json\/wp\/v2\/posts\/11363","targetHints":{"allow":["GET"]}}],"collection":[{"href":"https:\/\/mv-malschenberg.de\/index.php\/wp-json\/wp\/v2\/posts"}],"about":[{"href":"https:\/\/mv-malschenberg.de\/index.php\/wp-json\/wp\/v2\/types\/post"}],"author":[{"embeddable":true,"href":"https:\/\/mv-malschenberg.de\/index.php\/wp-json\/wp\/v2\/users\/1"}],"replies":[{"embeddable":true,"href":"https:\/\/mv-malschenberg.de\/index.php\/wp-json\/wp\/v2\/comments?post=11363"}],"version-history":[{"count":9,"href":"https:\/\/mv-malschenberg.de\/index.php\/wp-json\/wp\/v2\/posts\/11363\/revisions"}],"predecessor-version":[{"id":27592,"href":"https:\/\/mv-malschenberg.de\/index.php\/wp-json\/wp\/v2\/posts\/11363\/revisions\/27592"}],"wp:attachment":[{"href":"https:\/\/mv-malschenberg.de\/index.php\/wp-json\/wp\/v2\/media?parent=11363"}],"wp:term":[{"taxonomy":"category","embeddable":true,"href":"https:\/\/mv-malschenberg.de\/index.php\/wp-json\/wp\/v2\/categories?post=11363"},{"taxonomy":"post_tag","embeddable":true,"href":"https:\/\/mv-malschenberg.de\/index.php\/wp-json\/wp\/v2\/tags?post=11363"}],"curies":[{"name":"wp","href":"https:\/\/api.w.org\/{rel}","templated":true}]}}